{"id":9996,"date":"2025-04-05T14:21:49","date_gmt":"2025-04-05T12:21:49","guid":{"rendered":"https:\/\/laconsultamedica.com.do\/?p=25233"},"modified":"2025-04-05T14:21:49","modified_gmt":"2025-04-05T12:21:49","slug":"presidente-abinader-inaugura-las-reconstruidas-calles-en-la-zona-universitaria-y-la-primera-etapa-de-la-adecuacion-y-rehabilitacion-del-rio-bani","status":"publish","type":"post","link":"https:\/\/informedesalud.com.do\/?p=9996","title":{"rendered":"Presidente Abinader inaugura las reconstruidas calles en la Zona Universitaria; Y la Primera Etapa de la Adecuaci\u00f3n y Rehabilitaci\u00f3n del R\u00edo Bani."},"content":{"rendered":"<p>Mandatario encabeza Mesa de Trabajo donde pasa balance de obras en carpeta y en ejecuci\u00f3n para la provincia Peravia; Tambi\u00e9n anuncia construcci\u00f3n del malec\u00f3n de Ban\u00ed en los pr\u00f3ximos cuatro o cinco meses.<\/p>\n<p>Peravia.- El presidente Luis Abinader inaugur\u00f3 este viernes las reconstruidas calles de la Zona Universitaria, as\u00ed como la Primera Etapa de la Adecuaci\u00f3n y Rehabilitaci\u00f3n del R\u00edo Ban\u00ed, proyectos que forman parte del plan integral de modernizaci\u00f3n urbana impulsado por el gobierno.<\/p>\n<p>Luego de supervisar los avances en la Circunvalaci\u00f3n de Ban\u00ed, el jefe de Estado dej\u00f3 inaugurada la reconstrucci\u00f3n de las calles de la Zona Universitaria, incluyendo los sectores Brisa del Norte y Las Colinas, con una inversi\u00f3n de 148 millones de pesos.<\/p>\n<p>Este proyecto, ejecutado por el Ministerio de Obras P\u00fablicas y Comunicaciones (MOPC), abarca una longitud total de 7.2 kil\u00f3metros, con un ancho promedio de 5.5 metros.<\/p>\n<p>El ministro de Obras P\u00fablicas y Comunicaciones (MOPC), Eduardo Estrella, expres\u00f3 su satisfacci\u00f3n por entregar esta importante obra en la provincia Peravia y reafirm\u00f3 el compromiso del gobierno con el desarrollo vial en todo el pa\u00eds.<\/p>\n<p>Durante su intervenci\u00f3n, inform\u00f3 que, bajo la gesti\u00f3n del presidente Abinader, ya se han asfaltado 192 kil\u00f3metros de calles solo en la provincia Peravia, y que este plan de asfaltado continuar\u00e1 en los distintos municipios, distritos municipales y comunidades del pa\u00eds. \u201cEn los pr\u00f3ximos d\u00edas se estar\u00e1 subiendo una nueva licitaci\u00f3n para seguir asfaltando en este municipio cabecera, en los diferentes municipios, en los distritos municipales, y en todo el pa\u00eds\u201d, asegur\u00f3.<\/p>\n<p>El funcionario, anunci\u00f3 que tambi\u00e9n se retomar\u00e1n trabajos en otros puntos de la provincia, como la carretera Matanza-Salinas y otras obras que ser\u00e1n construidas en la demarcaci\u00f3n.<\/p>\n<p>Mandatario ser\u00e1 recordado como el presidente que m\u00e1s ha hecho por esta provincia<\/p>\n<p>De lado, el senador de la provincia Peravia, Julito Furcal, destac\u00f3 el impacto de las obras viales ejecutadas bajo la gesti\u00f3n del presidente Luis Abinader en esta provincia.<\/p>\n<p>Reiter\u00f3 el agradecimiento de la comunidad por estas obras de infraestructura, que han mejorado la calidad de vida de los habitantes y fortalecido el desarrollo de la provincia y destac\u00f3 que el mandatario ser\u00e1 recordado como el presidente que m\u00e1s ha hecho por esta provincia.<\/p>\n<p>Inauguraci\u00f3n de la adecuaci\u00f3n de la primera etapa del r\u00edo Ban\u00ed<\/p>\n<p>Posteriormente, el presidente Abinader entreg\u00f3 en esta demarcaci\u00f3n la Primera Etapa de la Adecuaci\u00f3n y Rehabilitaci\u00f3n del R\u00edo Ban\u00ed garantizando la protecci\u00f3n de las comunidades aleda\u00f1as al afluente ante futuras crecidas en \u00e9pocas de alta pluviometr\u00eda que resguardan a m\u00e1s de 20 mil personas.<\/p>\n<p>Los trabajos realizados a trav\u00e9s del Instituto Nacional de Recursos Hidr\u00e1ulicos (INDRHI), consistieron en la primera etapa de la canalizaci\u00f3n del r\u00edo Ban\u00ed en un tramo de tres kil\u00f3metros, aguas abajo del puente que une la carretera Santo Domingo \u2013 Ban\u00ed y en el revestimiento de taludes en muros de gaviones y levantamiento de muros en ambas m\u00e1rgenes con material de la canalizaci\u00f3n.<\/p>\n<p>El director ejecutivo del INDRHI, Olmedo Caba, explic\u00f3 que el proyecto, abarc\u00f3 la limpieza y canalizaci\u00f3n del afluente en 3 kil\u00f3metros, acci\u00f3n que permiti\u00f3 que su cauce manejara mayores vol\u00famenes de agua y estabilizara los taludes para ayudar a reducir la velocidad del agua. Adem\u00e1s anunci\u00f3 que se colocar\u00e1 en el pr\u00f3ximo presupuesto de la instituci\u00f3n la ejecuci\u00f3n de la segunda etapa de la adecuaci\u00f3n y rehabilitaci\u00f3n del R\u00edo de Ban\u00ed.<\/p>\n<p>Mesa de trabajo<\/p>\n<p>M\u00e1s temprano, el presidente Abinader encabez\u00f3 este viernes una mesa de trabajo con funcionarios del gobierno y presidentes de Juntas de Vecinos, con quienes pas\u00f3 balance a las obras en carpeta y en ejecuci\u00f3n de los diferentes proyectos que se llevan a cabo en esta provincia como parte del seguimiento a los planes de desarrollo de la zona.<\/p>\n<p>En el acto celebrado en el Sal\u00f3n Parroquial de la Catedral de Bani, anunci\u00f3 que en los pr\u00f3ximos cuatro o cinco meses iniciar\u00e1 los trabajos de la construcci\u00f3n del malec\u00f3n de Bani en playa Los Almendros, el cual tendr\u00e1 un presupuesto de 600 millones de pesos.<\/p>\n<p>Asimismo, destac\u00f3 el proyecto de hoteles de Punta Arena, donde indic\u00f3 que ser\u00e1 una din\u00e1mica importante de desarrollo tur\u00edstico. Defini\u00f3 la zona como una de las playas m\u00e1s bonitas del pa\u00eds.<\/p>\n<p>El presidente Abinader expres\u00f3 que en la provincia hay que aumentar y mejorar los empleos en todas las \u00e1reas con la diversificaci\u00f3n de \u00e1reas e introducci\u00f3n de nuevos proyectos como los semiconductores.<\/p>\n<p>En cuanto a la presa de La Gina la defini\u00f3 como especial por asegurar el riego y el agua potable de la provincia. \u201cLe vamos a seguir dando seguimiento a estos temas, en un contacto permanente como lo hacemos constantemente con las diferentes provincias del pa\u00eds\u201d.<\/p>\n<p>Escucha peticiones de comunitarios<\/p>\n<p>El mandatario escuch\u00f3 las peticiones de los representantes de la C\u00e1mara de Comercio, Juan Carlos Guzm\u00e1n; Jhonny De Los Santos, presidente de los Comunitarios de la Zona Norte de Ban\u00ed; el presidente de la Junta de Vecinos de la Zona Monta\u00f1osa, Juan De Dios Soto; Martin Arias; Gustavo Aguasvivas de Matanza, Rosario Valdez, Jandy Valdez de Nizao, Elvis Yovanny Arias<\/p>\n<p>Dentro de las peticiones estuvieron, carreteras para el desarrollo del turismo y mejor acceso a las playas de la provincia Peravia; proyectos impactantes para la creaci\u00f3n masivo de empleos; construcci\u00f3n de oficina gubernamentales, trabajos el\u00e9ctricos, agua potable, remodelaci\u00f3n de estadios de b\u00e9isbol.<\/p>\n<figure class=\"wp-block-image size-large\"><img fetchpriority=\"high\" fetchpriority=\"high\" decoding=\"async\" width=\"1024\" height=\"682\" src=\"https:\/\/laconsultamedica.com.do\/wp-content\/uploads\/2025\/04\/img-20250405-wa00013602433609339710917-1024x682.jpg\" alt class=\"wp-image-25229\" srcset=\"https:\/\/laconsultamedica.com.do\/wp-content\/uploads\/2025\/04\/img-20250405-wa00013602433609339710917-1024x682.jpg 1024w, https:\/\/laconsultamedica.com.do\/wp-content\/uploads\/2025\/04\/img-20250405-wa00013602433609339710917-300x200.jpg 300w, https:\/\/laconsultamedica.com.do\/wp-content\/uploads\/2025\/04\/img-20250405-wa00013602433609339710917-768x512.jpg 768w, https:\/\/laconsultamedica.com.do\/wp-content\/uploads\/2025\/04\/img-20250405-wa00013602433609339710917-1536x1023.jpg 1536w, https:\/\/laconsultamedica.com.do\/wp-content\/uploads\/2025\/04\/img-20250405-wa00013602433609339710917-750x500.jpg 750w, https:\/\/laconsultamedica.com.do\/wp-content\/uploads\/2025\/04\/img-20250405-wa00013602433609339710917-1140x760.jpg 1140w, https:\/\/laconsultamedica.com.do\/wp-content\/uploads\/2025\/04\/img-20250405-wa00013602433609339710917.jpg 1600w\" sizes=\"(max-width: 1024px) 100vw, 1024px\"><\/figure>\n<p>Tambi\u00e9n, asfalto, solicitud de autob\u00fas para estudiantes, titulaci\u00f3n de los sectores de la zona, Banco de Sangre para la provincia Peravia, estaci\u00f3n de bomberos; construcci\u00f3n de iglesia, techados multiusos, hospital en Matanza, un Liceo, equipamiento vehicular de destacamento policial, estancia infantil, maquinaria para combatir la sobreproducci\u00f3n de mangos para los productores;<\/p>\n<p>Obras P\u00fablicas y sus trabajos en la provincia Peravia<\/p>\n<p>El ministro de Obras P\u00fablicas, Eduardo Estrella, apunt\u00f3 que la Circunvalaci\u00f3n de Ban\u00ed est\u00e1 compuesta por 17 puentes en sus 19 kil\u00f3metros de composici\u00f3n. Dijo que actualmente se estar\u00e1 llevando a cabo la primera etapa de asfalto para proseguir con otros trabajos. Asimismo, dijo que est\u00e1n trabajando en el asfaltado de las comunidades de Matanzas y Salinas.<\/p>\n<p>Proyectos del INAPA<\/p>\n<p>De su lado, el director ejecutivo del Instituto Nacional de Aguas Potables y Alcantarillados (INAPA), Wellington Arnaud, se\u00f1al\u00f3 las obras que ha realizado el presidente Abinader a trav\u00e9s del INAPA en la provincia con un presupuesto de alrededor 2 mil millones de pesos est\u00e1 la ampliaci\u00f3n del acueducto de Bani. Apunt\u00f3 adem\u00e1s que se encuentra en presupuesto la intervenci\u00f3n de la ca\u00f1ada de la Pava de Nizao.<\/p>\n<p>Canal de Juan Caballero<\/p>\n<p>En tanto, el director del Instituto Nacional de Recursos Hidr\u00e1ulicos (INDRHI), Olmedo Caba, explic\u00f3 que actualmente se encuentra en revisi\u00f3n y mantenimiento el sistema de bombeo de la provincia, siendo estos los trabajos operativos de la instituci\u00f3n. Expres\u00f3, adem\u00e1s, que ya se tiene el presupuesto de 130 millones de pesos del Canal de Juan Caballero.<\/p>\n<p>Construcci\u00f3n de la presa de La Gina<\/p>\n<p>Tambi\u00e9n, el administrador de la Empresa de Generaci\u00f3n Hidroel\u00e9ctrica Dominicana (EGEHID), Rafael Salazar anunci\u00f3 que para el mes de junio se dejar\u00e1n iniciado los trabajos de la presa de La Gina por un valor de m\u00e1s de 6 mil millones de pesos. Salazar agreg\u00f3 que la obra estar\u00e1 compuesta con dos puentes y la carretera.<\/p>\n<p>Desarrollo Provincial<\/p>\n<p>Mientras que, el presidente de la Comisi\u00f3n de Desarrollo Provincial, \u00c1ngel De La Cruz, sostuvo que en la provincia la instituci\u00f3n que dirige se construy\u00f3 el centro comunal Nueva Esperanza y una cancha en la misma comunidad. De igual forma se trabaja en el campo de b\u00e9isbol de Pizarrete.<\/p>\n<p>El Senador de la provincia, Julito Fulcar expres\u00f3 que est\u00e1 muy satisfecho con la reuni\u00f3n llevada a cabo hoy. Resalt\u00f3 la ejecuci\u00f3n de titulaci\u00f3n que lleva en las diferentes comunidades de la provincia Peravia.<\/p>\n<p>Asistieron al acto, el ministro de Deportes, Kelvin Cruz; la gobernadora provincial, Angela Yadira B\u00e1ez; el viceministro de Mantenimiento Vial, Fernando Taveras; el director de la DGII, Luis Valdez; los alcaldes, de Ban\u00ed, Santo Ram\u00edrez, de Matanzas, Ra\u00fal Batista y Nizao, Iv\u00e1n Reyes; los diputados, Luis B\u00e1ez, Carmen Escarfuller Morel y Willy S\u00e1nchez y el obispo de Ban\u00ed, Faustino Burgos.<\/p>\n","protected":false},"excerpt":{"rendered":"<p>Mandatario encabeza Mesa de Trabajo donde pasa balance de obras en carpeta y en ejecuci\u00f3n para la provincia Peravia; Tambi\u00e9n anuncia construcci\u00f3n del malec\u00f3n de Ban\u00ed en los pr\u00f3ximos cuatro o cinco meses. Peravia.- El presidente Luis Abinader inaugur\u00f3 este viernes las reconstruidas calles de la Zona Universitaria, as\u00ed como la Primera Etapa de la [&hellip;]<\/p>\n","protected":false},"author":1,"featured_media":9997,"comment_status":"closed","ping_status":"closed","sticky":false,"template":"","format":"standard","meta":{"_eb_attr":"","footnotes":""},"categories":[36],"tags":[],"_links":{"self":[{"href":"https:\/\/informedesalud.com.do\/index.php?rest_route=\/wp\/v2\/posts\/9996"}],"collection":[{"href":"https:\/\/informedesalud.com.do\/index.php?rest_route=\/wp\/v2\/posts"}],"about":[{"href":"https:\/\/informedesalud.com.do\/index.php?rest_route=\/wp\/v2\/types\/post"}],"author":[{"embeddable":true,"href":"https:\/\/informedesalud.com.do\/index.php?rest_route=\/wp\/v2\/users\/1"}],"replies":[{"embeddable":true,"href":"https:\/\/informedesalud.com.do\/index.php?rest_route=%2Fwp%2Fv2%2Fcomments&post=9996"}],"version-history":[{"count":0,"href":"https:\/\/informedesalud.com.do\/index.php?rest_route=\/wp\/v2\/posts\/9996\/revisions"}],"wp:featuredmedia":[{"embeddable":true,"href":"https:\/\/informedesalud.com.do\/index.php?rest_route=\/wp\/v2\/media\/9997"}],"wp:attachment":[{"href":"https:\/\/informedesalud.com.do\/index.php?rest_route=%2Fwp%2Fv2%2Fmedia&parent=9996"}],"wp:term":[{"taxonomy":"category","embeddable":true,"href":"https:\/\/informedesalud.com.do\/index.php?rest_route=%2Fwp%2Fv2%2Fcategories&post=9996"},{"taxonomy":"post_tag","embeddable":true,"href":"https:\/\/informedesalud.com.do\/index.php?rest_route=%2Fwp%2Fv2%2Ftags&post=9996"}],"curies":[{"name":"wp","href":"https:\/\/api.w.org\/{rel}","templated":true}]}}