{"id":9994,"date":"2025-04-05T14:25:19","date_gmt":"2025-04-05T12:25:19","guid":{"rendered":"https:\/\/laconsultamedica.com.do\/?p=25231"},"modified":"2025-04-05T14:25:19","modified_gmt":"2025-04-05T12:25:19","slug":"cdp-distrito-nacional-reconoce-la-trayectoria-de-destacados-periodistas","status":"publish","type":"post","link":"https:\/\/informedesalud.com.do\/?p=9994","title":{"rendered":"CDP Distrito Nacional reconoce la trayectoria de destacados periodistas"},"content":{"rendered":"<div><img decoding=\"async\" src=\"https:\/\/laconsultamedica.com.do\/wp-content\/uploads\/2025\/04\/CDP-Distrito-Nacional-reconoce-la-trayectoria-de-destacados-periodistas-Foto-Fuente-Externa-3-e1743797111485.jpeg\" class=\"ff-og-image-inserted\"><\/div>\n<p>SANTO DOMINGO. \u2013 La Seccional del Colegio Dominicano de Periodistas (CDP) Distrito Nacional celebr\u00f3 este viernes la segunda edici\u00f3n de la Gala de Reconocimientos a la Trayectoria, un encuentro que rinde homenaje a periodistas con una destacada carrera y cuya labor ha contribuido significativamente al desarrollo de la Rep\u00fablica Dominicana.<\/p>\n<p>El secretario general del CDP Distrito Nacional, Wilder P\u00e1ez, destac\u00f3 en su discurso en la Sala A\u00edda Bonelly del Teatro Nacional que, m\u00e1s que nunca, las palabras y el trabajo de los profesionales de la comunicaci\u00f3n tienen un impacto determinante en la sociedad.<\/p>\n<p>Durante la ceremonia, se reconoci\u00f3 a periodistas por su trayectoria, sus aportes a la sociedad y su compromiso con la verdad y la \u00e9tica informativa.<\/p>\n<p>\u00abEn el Mes del Periodista, queremos exaltar el esfuerzo y la dedicaci\u00f3n de nuestros colegas. A\u00fan enfrentamos grandes desaf\u00edos en un contexto donde la desinformaci\u00f3n y la falta de \u00e9tica amenazan la profesi\u00f3n. Ahora m\u00e1s que nunca, el periodismo de calidad es indispensable\u00bb, expres\u00f3 P\u00e1ez.<\/p>\n<p>Asimismo, enfatiz\u00f3 que, en medio del constante flujo de informaci\u00f3n en redes sociales, la mayor fortaleza del periodista sigue siendo la b\u00fasqueda incansable de la verdad.<\/p>\n<p>Periodistas homenajeados<\/p>\n<p>Los periodistas reconocidos en esta edici\u00f3n fueron: Mar\u00eda del Carmen Rojas, Jeannette Fern\u00e1ndez, Nathanael P\u00e9rez Ner\u00f3, Wanda M\u00e9ndez, Gilbert Guzm\u00e1n, Carlos Osi P\u00e9rez, Renteria Montero, Francisco Medrano, Mayra Ogando, Julio Caraballo y Doris Pantale\u00f3n.<\/p>\n<p>Tambi\u00e9n fueron distinguidos F\u00e9lix Mont\u00e1n, Altagracia Ortiz, Julia Flores, Ram\u00f3n Raposo, Julissa Montilla, C\u00e1ndida Acosta, Sudelka Garc\u00eda, Jos\u00e9 Tom\u00e1s Paulino, Gregory Gonz\u00e1lez, Corina Rosario, Viviano de Le\u00f3n y Sarah Vallejo.<\/p>\n<p>Adem\u00e1s, recibieron reconocimientos Omar Santana, Francis Zabala, Santiago Drullard, Mariela Mej\u00eda, Carlos Devers, Suedi Le\u00f3n, Aneudys Martich, Juan Salazar, Patricia Dipr\u00e9, Dahia Sena, Yarilis Margarita Calca\u00f1o, Abel Guzm\u00e1n, Kerelyn Cuevas, Amarilis de la Cruz, Yannerys Paulino y Luis P\u00e9rez.<\/p>\n<p>Asimismo, fueron homenajeados Domingo del Pilar, Mercedes Castillo, Abel Guzm\u00e1n, Federico M\u00e9ndez, Diulka P\u00e9rez e Indhira Navarro.<\/p>\n<p>Reconocimiento especial<\/p>\n<p>Un reconocimiento especial fue otorgado a Aurelio Henr\u00edquez, Yenny Polanco y Olivo de Le\u00f3n, quienes culminan este a\u00f1o sus gestiones al frente del Colegio Dominicano de Periodistas (CDP), la Asociaci\u00f3n Dominicana de Prensa Tur\u00edstica (Adompretur) y el Instituto de Previsi\u00f3n y Protecci\u00f3n del Periodista (IPPP), respectivamente.<\/p>\n<p>La Seccional del CDP Distrito Nacional destac\u00f3 sus trayectorias y su dedicaci\u00f3n en beneficio de la clase period\u00edstica.<\/p>\n","protected":false},"excerpt":{"rendered":"<p>SANTO DOMINGO. \u2013 La Seccional del Colegio Dominicano de Periodistas (CDP) Distrito Nacional celebr\u00f3 este viernes la segunda edici\u00f3n de la Gala de Reconocimientos a la Trayectoria, un encuentro que rinde homenaje a periodistas con una destacada carrera y cuya labor ha contribuido significativamente al desarrollo de la Rep\u00fablica Dominicana. El secretario general del CDP [&hellip;]<\/p>\n","protected":false},"author":1,"featured_media":9995,"comment_status":"closed","ping_status":"closed","sticky":false,"template":"","format":"standard","meta":{"_eb_attr":"","footnotes":""},"categories":[36],"tags":[],"_links":{"self":[{"href":"https:\/\/informedesalud.com.do\/index.php?rest_route=\/wp\/v2\/posts\/9994"}],"collection":[{"href":"https:\/\/informedesalud.com.do\/index.php?rest_route=\/wp\/v2\/posts"}],"about":[{"href":"https:\/\/informedesalud.com.do\/index.php?rest_route=\/wp\/v2\/types\/post"}],"author":[{"embeddable":true,"href":"https:\/\/informedesalud.com.do\/index.php?rest_route=\/wp\/v2\/users\/1"}],"replies":[{"embeddable":true,"href":"https:\/\/informedesalud.com.do\/index.php?rest_route=%2Fwp%2Fv2%2Fcomments&post=9994"}],"version-history":[{"count":0,"href":"https:\/\/informedesalud.com.do\/index.php?rest_route=\/wp\/v2\/posts\/9994\/revisions"}],"wp:featuredmedia":[{"embeddable":true,"href":"https:\/\/informedesalud.com.do\/index.php?rest_route=\/wp\/v2\/media\/9995"}],"wp:attachment":[{"href":"https:\/\/informedesalud.com.do\/index.php?rest_route=%2Fwp%2Fv2%2Fmedia&parent=9994"}],"wp:term":[{"taxonomy":"category","embeddable":true,"href":"https:\/\/informedesalud.com.do\/index.php?rest_route=%2Fwp%2Fv2%2Fcategories&post=9994"},{"taxonomy":"post_tag","embeddable":true,"href":"https:\/\/informedesalud.com.do\/index.php?rest_route=%2Fwp%2Fv2%2Ftags&post=9994"}],"curies":[{"name":"wp","href":"https:\/\/api.w.org\/{rel}","templated":true}]}}