{"id":9992,"date":"2025-04-05T14:28:36","date_gmt":"2025-04-05T12:28:36","guid":{"rendered":"https:\/\/laconsultamedica.com.do\/?p=25236"},"modified":"2025-04-05T14:28:36","modified_gmt":"2025-04-05T12:28:36","slug":"industria-y-comercio-convoca-a-sectores-productivos-para-analizar-aranceles-impuestos-por-trump","status":"publish","type":"post","link":"https:\/\/informedesalud.com.do\/?p=9992","title":{"rendered":"Industria y Comercio convoca a sectores productivos para analizar aranceles impuestos por Trump"},"content":{"rendered":"<div><img decoding=\"async\" src=\"https:\/\/laconsultamedica.com.do\/wp-content\/uploads\/2025\/04\/67f0910813504.jpeg\" class=\"ff-og-image-inserted\"><\/div>\n<p>El ministro de Industria, Comercio y Mipymes, V\u00edctor -Ito\u2013 Bison\u00f3, convoc\u00f3 ayer a actores clave del sector p\u00fablico y privado para coordinar la articulaci\u00f3n intersectorial frente al anuncio del Gobierno de los Estados Unidos de imponer un arancel global del 10% a las importaciones, medida que entrar\u00e1 en vigor este s\u00e1bado 5 de abril.<\/p>\n<p>Durante la sesi\u00f3n, se conformaron mesas de trabajo intersectoriales para determinar en profundidad y celeridad, el alcance de la disposici\u00f3n y sus posibles implicaciones en sectores clave para la econom\u00eda nacional con el fin de contar con una posici\u00f3n en los pr\u00f3ximos d\u00edas.<\/p>\n<p>\u201cEstamos en etapa de an\u00e1lisis. Este encuentro con los actores vinculados al tema, permitir\u00e1 consolidar criterios con los sectores productivos, actuar de manera coordinada y evaluar con datos concretos la dimensi\u00f3n del impacto. Solo as\u00ed podremos trazar un camino serio, estrat\u00e9gico y alineado con el inter\u00e9s nacional\u201d, indic\u00f3 el ministro Bison\u00f3 en el encuentro.<\/p>\n<p>Destac\u00f3, adem\u00e1s, que la relaci\u00f3n comercial con los Estados Unidos ha sido y sigue siendo positiva.<\/p>\n<p>Como contraparte del representante de Comercio de los Estados Unidos (USTR), el Gobierno dominicano mantiene un canal de comunicaci\u00f3n constante que ha permitido un trabajo diplom\u00e1tico y t\u00e9cnico que, en 2024, permiti\u00f3 al pa\u00eds salir de la Lista de Observancia del Informe 301, relacionado con temas de propiedad intelectual, luego de casi 30 a\u00f1os en esta lista.<\/p>\n<p>Alcance de la medida y pr\u00f3ximos pasos<br \/>El arancel general del 10% ser\u00e1 aplicado a todos los socios comerciales de EE. UU., con tasas mayores a pa\u00edses como China, Vietnam y la Uni\u00f3n Europea. Algunos productos con aranceles preexistentes por la secci\u00f3n 232 o considerados estrat\u00e9gicos como semiconductores, cobre, energ\u00eda, las maderas y farmac\u00e9uticos, quedar\u00edan excluidos por el momento.<\/p>\n<p>Participaci\u00f3n multisectorial y t\u00e9cnica<br \/>La sesi\u00f3n cont\u00f3 con la participaci\u00f3n activa de instituciones clave del Gobierno, gremios empresariales y \u00f3rganos t\u00e9cnicos del Estado dominicano.<\/p>\n<p>En el encuentro participaron representantes de los ministerios de Econom\u00eda, Relaciones Exteriores, Hacienda, Agricultura; la Direcci\u00f3n General de Aduanas, de Impuestos Internos; loa Consejoa de Competitividad y de Zonas Francas de Exportaci\u00f3n, ProDominicana, Digemaps, Proindustria, la Comisi\u00f3n de Pr\u00e1cticas Desleales al Comercio (CDC).<\/p>\n<p>Asimismo, representantes del sector privado, como las asociaciones de Industrias, de Exportadores, de Zonas Francas, INdustriales de Herrera, Industriales de la Regi\u00f3n Norte, de Industrias de Haina, y de Navieros. Tambi\u00e9n, el Consejo Nacional de la Empresa Privada (Conep), la C\u00e1mara de Comercio y Producci\u00f3n de Santo Domingo, la C\u00e1mara Americana de Comercio, y la Junta Agroempresarial Dominicana (JAD).<\/p>\n<p>Intercambio comercial entre RD y EE. UU. en 2024<br \/>En el a\u00f1o 2024, el intercambio comercial entre la Rep\u00fablica Dominicana y Estados Unidos ascendi\u00f3 a US$18,472.78 millones. <\/p>\n<p>De este monto, las exportaciones dominicanas representaron US$6,914.54 millones, mientras que las importaciones desde EE.UU. fueron de US$11,558.24 millones, lo que gener\u00f3 una balanza comercial deficitaria de US$4,643.70 millones para el pa\u00eds.<\/p>\n","protected":false},"excerpt":{"rendered":"<p>El ministro de Industria, Comercio y Mipymes, V\u00edctor -Ito\u2013 Bison\u00f3, convoc\u00f3 ayer a actores clave del sector p\u00fablico y privado para coordinar la articulaci\u00f3n intersectorial frente al anuncio del Gobierno de los Estados Unidos de imponer un arancel global del 10% a las importaciones, medida que entrar\u00e1 en vigor este s\u00e1bado 5 de abril. Durante [&hellip;]<\/p>\n","protected":false},"author":1,"featured_media":9993,"comment_status":"closed","ping_status":"closed","sticky":false,"template":"","format":"standard","meta":{"_eb_attr":"","footnotes":""},"categories":[36],"tags":[],"_links":{"self":[{"href":"https:\/\/informedesalud.com.do\/index.php?rest_route=\/wp\/v2\/posts\/9992"}],"collection":[{"href":"https:\/\/informedesalud.com.do\/index.php?rest_route=\/wp\/v2\/posts"}],"about":[{"href":"https:\/\/informedesalud.com.do\/index.php?rest_route=\/wp\/v2\/types\/post"}],"author":[{"embeddable":true,"href":"https:\/\/informedesalud.com.do\/index.php?rest_route=\/wp\/v2\/users\/1"}],"replies":[{"embeddable":true,"href":"https:\/\/informedesalud.com.do\/index.php?rest_route=%2Fwp%2Fv2%2Fcomments&post=9992"}],"version-history":[{"count":0,"href":"https:\/\/informedesalud.com.do\/index.php?rest_route=\/wp\/v2\/posts\/9992\/revisions"}],"wp:featuredmedia":[{"embeddable":true,"href":"https:\/\/informedesalud.com.do\/index.php?rest_route=\/wp\/v2\/media\/9993"}],"wp:attachment":[{"href":"https:\/\/informedesalud.com.do\/index.php?rest_route=%2Fwp%2Fv2%2Fmedia&parent=9992"}],"wp:term":[{"taxonomy":"category","embeddable":true,"href":"https:\/\/informedesalud.com.do\/index.php?rest_route=%2Fwp%2Fv2%2Fcategories&post=9992"},{"taxonomy":"post_tag","embeddable":true,"href":"https:\/\/informedesalud.com.do\/index.php?rest_route=%2Fwp%2Fv2%2Ftags&post=9992"}],"curies":[{"name":"wp","href":"https:\/\/api.w.org\/{rel}","templated":true}]}}