{"id":9990,"date":"2025-04-05T14:04:53","date_gmt":"2025-04-05T12:04:53","guid":{"rendered":"https:\/\/laconsultamedica.com.do\/?p=25223"},"modified":"2025-04-05T14:04:53","modified_gmt":"2025-04-05T12:04:53","slug":"exposostenible-finaliza-con-un-llamado-a-asumir-el-compromiso-con-la-sostenibilidad-en-rd","status":"publish","type":"post","link":"https:\/\/informedesalud.com.do\/?p=9990","title":{"rendered":"ExpoSostenible finaliza con un llamado a asumir el compromiso con la sostenibilidad en RD"},"content":{"rendered":"<div><img decoding=\"async\" src=\"https:\/\/laconsultamedica.com.do\/wp-content\/uploads\/2025\/04\/image_editor_output_image-829273645-1743854737403.jpg\" class=\"ff-og-image-inserted\"><\/div>\n<p>SANTO DOMINGO. \u2013 Con un rotundo \u00e9xito y superando todas las expectativas, culmin\u00f3 uno de los eventos m\u00e1s relevantes de la regi\u00f3n en materia de sostenibilidad e innovaci\u00f3n, la feria \u201cExpo Sostenible 2025\u201d.<\/p>\n<p>Durante dos d\u00edas, m\u00e1s de 30 expositores y un gran n\u00famero de visitantes se dieron cita en este evento \u00fanico, que reuni\u00f3 a empresas, organizaciones y expertos con el objetivo de promover soluciones para un futuro m\u00e1s sostenible.<\/p>\n<p>La feria se destac\u00f3 por sus conversatorios magistrales, que contaron con la participaci\u00f3n de figuras de renombre como los expresidentes de Ecuador,Jorge Jamil Mahuad y Marcos Vinicio Cerezo Ar\u00e9valo, de Guatemala, y el ministro de Medio Ambiente y Recursos Naturales de la Rep\u00fablica Dominicana, Armando Pa\u00edno Henr\u00edquez.<\/p>\n<p>Cerezo Ar\u00e9valo, dijo que entre las pol\u00edticas de Estado que ha tenido ha sido la paz en el Per\u00fa, pasando 27 a\u00f1os y sigue vigente y la dolarizaci\u00f3n en el pa\u00eds cumpli\u00f3 25 a\u00f1os y la apoya m\u00e1s del 90% de la poblaci\u00f3n.<\/p>\n<p>De su lado, Mahuad subray\u00f3 la necesidad de armonizar los temas que tengan un camino claro hacia la creaci\u00f3n de pol\u00edticas de Estado.<\/p>\n<p>En un conversatorio de la conferencia magistral, declar\u00f3 la relaci\u00f3n entre estabilidad econ\u00f3mica y desarrollo sostenible en Am\u00e9rica Latina, haciendo \u00e9nfasis en la importancia de contar con una visi\u00f3n a largo plazo para garantizar el cumplimiento de estas pol\u00edticas, sin que los cambios de gobierno afecten su continuidad.<\/p>\n<p>Asimismo, los alcaldes y defensores del medio ambiente debatieron las mejores pr\u00e1cticas, desaf\u00edos y oportunidades para la gesti\u00f3n eficiente de los residuos s\u00f3lidos en la Rep\u00fablica Dominicana, convirti\u00e9ndose en una prioridad para avanzar en una econom\u00eda circular en la reutilizaci\u00f3n, reciclaje y una gesti\u00f3n responsable de los desechos.<\/p>\n<p>Estos l\u00edderes compartieron valiosas experiencias y visiones sobre el futuro del medioambiente y las pol\u00edticas de sostenibilidad, que con un enfoque integral, Expo Sostenible 2025 abarc\u00f3 una amplia gama de temas, tales como la econom\u00eda circular, las energ\u00edas renovables, el reciclaje, la agricultura sostenible y las tecnolog\u00edas verdes.<\/p>\n<p>Los panelistas coincidieron en la importancia de promover pr\u00e1cticas y soluciones innovadoras que favorezcan la conservaci\u00f3n del medio ambiente y la creaci\u00f3n de un futuro m\u00e1s resiliente.<\/p>\n<p>Durante la feria, se presentaron innovaciones en diversos sectores, incluyendo energ\u00edas renovables, gesti\u00f3n de residuos, arquitectura sostenible, productos ecol\u00f3gicos, agricultura sostenible, entre otras iniciativas respetuosas con el medioambiente.<\/p>\n<p>Los asistentes tambi\u00e9n tuvieron la oportunidad de participar en actividades interactivas y talleres enfocados en temas como el manejo de residuos, el ahorro energ\u00e9tico y la movilidad sostenible.<br \/>El evento no solo fue un espacio para el intercambio de ideas, sino tambi\u00e9n un punto de encuentro para generar alianzas estrat\u00e9gicas y promover el desarrollo de proyectos innovadores orientados al bienestar del planeta.<\/p>\n<p>De acuerdo con los organizadores, la Expo Sostenible 2025 tuvo como prop\u00f3sito visibilizar las acciones ejecutadas por diversos sectores para equilibrar el crecimiento econ\u00f3mico, la protecci\u00f3n del medioambiente y el bienestar social.<\/p>\n<p>Con el respaldo de entidades como el Consejo de Desarrollo Econ\u00f3mico y Social de Santo Domingo (CODESSD), El Nuevo Diario y ProExpo, Expo Sostenible 2025 se ha consolidado como una plataforma \u00fanica para la exposici\u00f3n de tecnolog\u00edas verdes y pr\u00e1cticas sostenibles.<\/p>\n","protected":false},"excerpt":{"rendered":"<p>SANTO DOMINGO. \u2013 Con un rotundo \u00e9xito y superando todas las expectativas, culmin\u00f3 uno de los eventos m\u00e1s relevantes de la regi\u00f3n en materia de sostenibilidad e innovaci\u00f3n, la feria \u201cExpo Sostenible 2025\u201d. Durante dos d\u00edas, m\u00e1s de 30 expositores y un gran n\u00famero de visitantes se dieron cita en este evento \u00fanico, que reuni\u00f3 [&hellip;]<\/p>\n","protected":false},"author":1,"featured_media":9991,"comment_status":"closed","ping_status":"closed","sticky":false,"template":"","format":"standard","meta":{"_eb_attr":"","footnotes":""},"categories":[43],"tags":[],"_links":{"self":[{"href":"https:\/\/informedesalud.com.do\/index.php?rest_route=\/wp\/v2\/posts\/9990"}],"collection":[{"href":"https:\/\/informedesalud.com.do\/index.php?rest_route=\/wp\/v2\/posts"}],"about":[{"href":"https:\/\/informedesalud.com.do\/index.php?rest_route=\/wp\/v2\/types\/post"}],"author":[{"embeddable":true,"href":"https:\/\/informedesalud.com.do\/index.php?rest_route=\/wp\/v2\/users\/1"}],"replies":[{"embeddable":true,"href":"https:\/\/informedesalud.com.do\/index.php?rest_route=%2Fwp%2Fv2%2Fcomments&post=9990"}],"version-history":[{"count":0,"href":"https:\/\/informedesalud.com.do\/index.php?rest_route=\/wp\/v2\/posts\/9990\/revisions"}],"wp:featuredmedia":[{"embeddable":true,"href":"https:\/\/informedesalud.com.do\/index.php?rest_route=\/wp\/v2\/media\/9991"}],"wp:attachment":[{"href":"https:\/\/informedesalud.com.do\/index.php?rest_route=%2Fwp%2Fv2%2Fmedia&parent=9990"}],"wp:term":[{"taxonomy":"category","embeddable":true,"href":"https:\/\/informedesalud.com.do\/index.php?rest_route=%2Fwp%2Fv2%2Fcategories&post=9990"},{"taxonomy":"post_tag","embeddable":true,"href":"https:\/\/informedesalud.com.do\/index.php?rest_route=%2Fwp%2Fv2%2Ftags&post=9990"}],"curies":[{"name":"wp","href":"https:\/\/api.w.org\/{rel}","templated":true}]}}