{"id":9988,"date":"2025-04-05T14:07:03","date_gmt":"2025-04-05T12:07:03","guid":{"rendered":"https:\/\/laconsultamedica.com.do\/?p=25226"},"modified":"2025-04-05T14:07:03","modified_gmt":"2025-04-05T12:07:03","slug":"el-centro-cultural-banreservas-la-fundacion-y-el-centro-leon-firman-acuerdo-para-promover-la-cultura-y-las-artes","status":"publish","type":"post","link":"https:\/\/informedesalud.com.do\/?p=9988","title":{"rendered":"El Centro Cultural Banreservas, la Fundaci\u00f3n y el Centro Le\u00f3n firman acuerdo para promover la cultura y las artes"},"content":{"rendered":"<div><img decoding=\"async\" src=\"https:\/\/laconsultamedica.com.do\/wp-content\/uploads\/2025\/04\/image_editor_output_image-807898489-1743854850921.jpg\" class=\"ff-og-image-inserted\"><\/div>\n<p>Las tres instituciones pondr\u00e1n en marcha proyectos editoriales y expositivos<\/p>\n<p>El Centro Cultural Banreservas, la Fundaci\u00f3n Eduardo Le\u00f3n Jimenes y el Centro Cultural Eduardo Le\u00f3n Jimenes firmaron un acuerdo de colaboraci\u00f3n para realizar iniciativas que promuevan el arte y la cultura dominicana, a trav\u00e9s de diversos proyectos editoriales y expositivos.<\/p>\n<p>Samuel Pereyra, presidente ejecutivo de Banreservas; Mar\u00eda Amalia Le\u00f3n, presidenta de la Fundaci\u00f3n y del Centro CulturalEduardo Le\u00f3n Jimenes; y Mar\u00eda Luisa Asilis de Matos, directora ejecutiva de esta \u00faltima entidad, formalizaron el convenio en la sede principal de la instituci\u00f3n financiera.<\/p>\n<p>Pereyra expres\u00f3 que las acciones conjuntas que llevar\u00e1n a caboest\u00e1n destinadas a fortalecer y enaltecer los aportes de figuras destacas en las artes, a favor del pueblo dominicano. \u00abEsteacuerdo tan importante ayudar\u00e1 a seguir fomentando el arte y la cultura que tanto el Centro Le\u00f3n como el Banco de Reservas, a lo largo de todos estos a\u00f1os, han contribuido a enaltecer: el arte de la Rep\u00fablica\u00bb, dijo.<\/p>\n<p>Mar\u00eda Amalia Le\u00f3n valor\u00f3 el esfuerzo de ambas entidades por mantener la memoria de los pueblos, que en esta ocasi\u00f3n ser\u00e1 a trav\u00e9s de tres proyectos dados a conocer en su momento, dos de car\u00e1cter editorial y uno expositivo. Adem\u00e1s, el Centro Le\u00f3n contar\u00e1 con la colaboraci\u00f3n de Banreservas en su conocidoConcurso de Arte Eduardo Le\u00f3n Jimenes.<\/p>\n<p>Algunas de las acciones conjuntas se efectuar\u00e1n a partir de la inauguraci\u00f3n del Centro Cultural Banreservas en Santiago, inform\u00f3 la instituci\u00f3n financiera.<\/p>\n<p>Tras la firma, los presentes pudieron disfrutar de una breve inmersiva a trav\u00e9s de lentes de realidad virtual, como motivaci\u00f3n para las futuras iniciativas que proyectan realizar.<\/p>\n<p>Este acuerdo tuvo como testigo al folklorista e impulsor de la cultura nacional, Dagoberto Tejeda; al director general de Museos, Carlos And\u00fajar; ejecutivos de Banreservas y de la Fundaci\u00f3n E.L.J. <\/p>\n<p>Tanto el Banco de Reservas, a trav\u00e9s de su Centro Cultural,como la Fundaci\u00f3n Eduardo Le\u00f3n Jimenes, por medio del Centro Le\u00f3n, disponen de un espacio cultural destinado aproyectar las expresiones de ese g\u00e9nero, con el prop\u00f3sito de contribuir a mejorar la calidad de vida de los dominicanos, con la proyecci\u00f3n de valores vinculados a la formaci\u00f3n cultural en todos sus \u00e1mbitos.<\/p>\n","protected":false},"excerpt":{"rendered":"<p>Las tres instituciones pondr\u00e1n en marcha proyectos editoriales y expositivos El Centro Cultural Banreservas, la Fundaci\u00f3n Eduardo Le\u00f3n Jimenes y el Centro Cultural Eduardo Le\u00f3n Jimenes firmaron un acuerdo de colaboraci\u00f3n para realizar iniciativas que promuevan el arte y la cultura dominicana, a trav\u00e9s de diversos proyectos editoriales y expositivos. Samuel Pereyra, presidente ejecutivo de [&hellip;]<\/p>\n","protected":false},"author":1,"featured_media":9989,"comment_status":"closed","ping_status":"closed","sticky":false,"template":"","format":"standard","meta":{"_eb_attr":"","footnotes":""},"categories":[43],"tags":[],"_links":{"self":[{"href":"https:\/\/informedesalud.com.do\/index.php?rest_route=\/wp\/v2\/posts\/9988"}],"collection":[{"href":"https:\/\/informedesalud.com.do\/index.php?rest_route=\/wp\/v2\/posts"}],"about":[{"href":"https:\/\/informedesalud.com.do\/index.php?rest_route=\/wp\/v2\/types\/post"}],"author":[{"embeddable":true,"href":"https:\/\/informedesalud.com.do\/index.php?rest_route=\/wp\/v2\/users\/1"}],"replies":[{"embeddable":true,"href":"https:\/\/informedesalud.com.do\/index.php?rest_route=%2Fwp%2Fv2%2Fcomments&post=9988"}],"version-history":[{"count":0,"href":"https:\/\/informedesalud.com.do\/index.php?rest_route=\/wp\/v2\/posts\/9988\/revisions"}],"wp:featuredmedia":[{"embeddable":true,"href":"https:\/\/informedesalud.com.do\/index.php?rest_route=\/wp\/v2\/media\/9989"}],"wp:attachment":[{"href":"https:\/\/informedesalud.com.do\/index.php?rest_route=%2Fwp%2Fv2%2Fmedia&parent=9988"}],"wp:term":[{"taxonomy":"category","embeddable":true,"href":"https:\/\/informedesalud.com.do\/index.php?rest_route=%2Fwp%2Fv2%2Fcategories&post=9988"},{"taxonomy":"post_tag","embeddable":true,"href":"https:\/\/informedesalud.com.do\/index.php?rest_route=%2Fwp%2Fv2%2Ftags&post=9988"}],"curies":[{"name":"wp","href":"https:\/\/api.w.org\/{rel}","templated":true}]}}