{"id":9986,"date":"2025-04-05T10:34:49","date_gmt":"2025-04-05T08:34:49","guid":{"rendered":"https:\/\/laconsultamedica.com.do\/?p=25219"},"modified":"2025-04-05T10:34:49","modified_gmt":"2025-04-05T08:34:49","slug":"dedican-congreso-al-ceo-del-grupo-de-medios-panorama-miguel-medina","status":"publish","type":"post","link":"https:\/\/informedesalud.com.do\/?p=9986","title":{"rendered":"Dedican Congreso al CEO del Grupo de Medios Panorama, Miguel Medina"},"content":{"rendered":"<div><img decoding=\"async\" src=\"https:\/\/laconsultamedica.com.do\/wp-content\/uploads\/2025\/04\/WhatsApp-Image-2025-04-04-at-13.33.51-scaled-1.jpeg\" class=\"ff-og-image-inserted\"><\/div>\n<p>La Fundaci\u00f3n del C\u00edrculo de Medios Digitales y Redes Sociales, FUCIMBRES, celebr\u00f3 su segundo Congreso, titulado el Poder de los Influencers. Esta versi\u00f3n fue dedicada al CEO del Grupo de Medios Panorama, Miguel Medina, quien recibi\u00f3 un merecido reconocimiento por su aportes a la comunicaci\u00f3n en el pa\u00eds.<\/p>\n<p>En el evento, Kelvin Fa\u00f1a, presidente del gremio, inst\u00f3 a los comunicadores a crear sus propios medios digitales, ofreciendo apoyo a trav\u00e9s del CDP y cursos t\u00e9cnicos de INFOTEP.<\/p>\n<p>Aurelio Henr\u00edquez, presidente del Colegio Dominicano de Periodistas, enfatiz\u00f3 sobre la importancia de que los periodistas reciban una capacitaci\u00f3n continua y tengan mayor presencia en las plataformas digitales para enfrentar los retos actuales y la generaci\u00f3n de los llamados influencers. Asimismo, subray\u00f3 la urgencia de mejorar las condiciones salariales de los profesionales del periodismo.<\/p>\n<p>El Congreso de Medios Digitales y Redes Sociales, El Poder de los Influencers, cont\u00f3 con la participaci\u00f3n de reputados periodistas, como Jaime Rinc\u00f3n, Jos\u00e9 Pequero, Iluminada Mu\u00f1oz, entre otros. Tambi\u00e9n estuvo el director del Itla, Rafael F\u00e9lix.<\/p>\n","protected":false},"excerpt":{"rendered":"<p>La Fundaci\u00f3n del C\u00edrculo de Medios Digitales y Redes Sociales, FUCIMBRES, celebr\u00f3 su segundo Congreso, titulado el Poder de los Influencers. Esta versi\u00f3n fue dedicada al CEO del Grupo de Medios Panorama, Miguel Medina, quien recibi\u00f3 un merecido reconocimiento por su aportes a la comunicaci\u00f3n en el pa\u00eds. En el evento, Kelvin Fa\u00f1a, presidente del [&hellip;]<\/p>\n","protected":false},"author":1,"featured_media":9987,"comment_status":"closed","ping_status":"closed","sticky":false,"template":"","format":"standard","meta":{"_eb_attr":"","footnotes":""},"categories":[43],"tags":[],"_links":{"self":[{"href":"https:\/\/informedesalud.com.do\/index.php?rest_route=\/wp\/v2\/posts\/9986"}],"collection":[{"href":"https:\/\/informedesalud.com.do\/index.php?rest_route=\/wp\/v2\/posts"}],"about":[{"href":"https:\/\/informedesalud.com.do\/index.php?rest_route=\/wp\/v2\/types\/post"}],"author":[{"embeddable":true,"href":"https:\/\/informedesalud.com.do\/index.php?rest_route=\/wp\/v2\/users\/1"}],"replies":[{"embeddable":true,"href":"https:\/\/informedesalud.com.do\/index.php?rest_route=%2Fwp%2Fv2%2Fcomments&post=9986"}],"version-history":[{"count":0,"href":"https:\/\/informedesalud.com.do\/index.php?rest_route=\/wp\/v2\/posts\/9986\/revisions"}],"wp:featuredmedia":[{"embeddable":true,"href":"https:\/\/informedesalud.com.do\/index.php?rest_route=\/wp\/v2\/media\/9987"}],"wp:attachment":[{"href":"https:\/\/informedesalud.com.do\/index.php?rest_route=%2Fwp%2Fv2%2Fmedia&parent=9986"}],"wp:term":[{"taxonomy":"category","embeddable":true,"href":"https:\/\/informedesalud.com.do\/index.php?rest_route=%2Fwp%2Fv2%2Fcategories&post=9986"},{"taxonomy":"post_tag","embeddable":true,"href":"https:\/\/informedesalud.com.do\/index.php?rest_route=%2Fwp%2Fv2%2Ftags&post=9986"}],"curies":[{"name":"wp","href":"https:\/\/api.w.org\/{rel}","templated":true}]}}