{"id":9984,"date":"2025-04-04T23:41:59","date_gmt":"2025-04-04T21:41:59","guid":{"rendered":"https:\/\/laconsultamedica.com.do\/?p=25210"},"modified":"2025-04-04T23:41:59","modified_gmt":"2025-04-04T21:41:59","slug":"ministerio-de-energia-y-minas-recibe-primera-certificacion-en-gestion-energetica","status":"publish","type":"post","link":"https:\/\/informedesalud.com.do\/?p=9984","title":{"rendered":"Ministerio de Energ\u00eda y Minas recibe primera certificaci\u00f3n en gesti\u00f3n energ\u00e9tica"},"content":{"rendered":"<p>Santo Domingo.- El Ministerio de Energ\u00eda y Minas (MEM) recibi\u00f3, del Instituto Dominicano para la Calidad (Indocal), la certificaci\u00f3n del primer gestor energ\u00e9tico de la Administraci\u00f3n p\u00fablica, como parte de la pol\u00edtica de ahorro de energ\u00eda que implementa el Gobierno.<\/p>\n<p>En un acto, encabezado por la viceministra de Innovaci\u00f3n y Transici\u00f3n Energ\u00e9tica, Betty Soto, y el director general del Indocal, N\u00e9stor Matos Ure\u00f1a, fue certificado como gestor energ\u00e9tico el colaborador del MEM, V\u00edctor Guill\u00e9n Arias.<\/p>\n<p>La certificaci\u00f3n da cumplimiento al Decreto n\u00fam. 158-23, que establece la incorporaci\u00f3n de esa figura en el organigrama de las instituciones gubernamentales para velar por el desarrollo de una pol\u00edtica de ahorro y eficiencia energ\u00e9tica.<\/p>\n<p>\u201cMe complace destacar que la primera persona certificada bajo este esquema pertenezca al Ministerio de Energ\u00eda y Minas. Este hecho, no solamente refleja el compromiso y el liderazgo de la instituci\u00f3n, sino que tambi\u00e9n establece un ejemplo a seguir para todas las dem\u00e1s entidades gubernamentales\u201d, dijo Betty Soto.<\/p>\n<p>Indic\u00f3 que esas acciones fortalecen las capacidades de gesti\u00f3n energ\u00e9tica y una cultura de ahorro que impacte positivamente y permita enfrentar los retos y desaf\u00edos que plantea la transici\u00f3n energ\u00e9tica que se desarrolla actualmente.<\/p>\n<p>De su lado, N\u00e9stor Matos, dijo que la certificaci\u00f3n ha tomado como referencia la norma ISO 50001:2018, que establece los lineamientos para un sistema de gesti\u00f3n de la energ\u00eda en las instituciones y asegura que se cumplan todos los criterios sobre el perfil t\u00e9cnico y profesional de la persona que ostente la posici\u00f3n.<\/p>\n<p>\u201cEste esquema de certificaci\u00f3n ha sido desarrollado por iniciativa y a solicitud del Ministerio de Energ\u00eda y Minas, que como \u00f3rgano rector en la materia ha sido promotor del establecimiento de una cultura en el pa\u00eds para el uso eficiente y racional de la Energ\u00eda\u201d, explic\u00f3 N\u00e9stor Matos.<\/p>\n<figure class=\"wp-block-image size-large\"><img fetchpriority=\"high\" fetchpriority=\"high\" decoding=\"async\" width=\"1024\" height=\"684\" src=\"https:\/\/laconsultamedica.com.do\/wp-content\/uploads\/2025\/04\/viceministra-de-innovacion-y-transicion-energetica-betty-soto-y-el-director-de-indocal-nestor-matos-junto-a-los-equipos-de-trabajo-de-ambas-instituciones7240855450193706398-1024x684.jpg\" alt class=\"wp-image-25208\" srcset=\"https:\/\/laconsultamedica.com.do\/wp-content\/uploads\/2025\/04\/viceministra-de-innovacion-y-transicion-energetica-betty-soto-y-el-director-de-indocal-nestor-matos-junto-a-los-equipos-de-trabajo-de-ambas-instituciones7240855450193706398-1024x684.jpg 1024w, https:\/\/laconsultamedica.com.do\/wp-content\/uploads\/2025\/04\/viceministra-de-innovacion-y-transicion-energetica-betty-soto-y-el-director-de-indocal-nestor-matos-junto-a-los-equipos-de-trabajo-de-ambas-instituciones7240855450193706398-300x200.jpg 300w, https:\/\/laconsultamedica.com.do\/wp-content\/uploads\/2025\/04\/viceministra-de-innovacion-y-transicion-energetica-betty-soto-y-el-director-de-indocal-nestor-matos-junto-a-los-equipos-de-trabajo-de-ambas-instituciones7240855450193706398-768x513.jpg 768w, https:\/\/laconsultamedica.com.do\/wp-content\/uploads\/2025\/04\/viceministra-de-innovacion-y-transicion-energetica-betty-soto-y-el-director-de-indocal-nestor-matos-junto-a-los-equipos-de-trabajo-de-ambas-instituciones7240855450193706398-1536x1026.jpg 1536w, https:\/\/laconsultamedica.com.do\/wp-content\/uploads\/2025\/04\/viceministra-de-innovacion-y-transicion-energetica-betty-soto-y-el-director-de-indocal-nestor-matos-junto-a-los-equipos-de-trabajo-de-ambas-instituciones7240855450193706398-750x501.jpg 750w, https:\/\/laconsultamedica.com.do\/wp-content\/uploads\/2025\/04\/viceministra-de-innovacion-y-transicion-energetica-betty-soto-y-el-director-de-indocal-nestor-matos-junto-a-los-equipos-de-trabajo-de-ambas-instituciones7240855450193706398-1140x762.jpg 1140w, https:\/\/laconsultamedica.com.do\/wp-content\/uploads\/2025\/04\/viceministra-de-innovacion-y-transicion-energetica-betty-soto-y-el-director-de-indocal-nestor-matos-junto-a-los-equipos-de-trabajo-de-ambas-instituciones7240855450193706398.jpg 2000w\" sizes=\"(max-width: 1024px) 100vw, 1024px\"><\/figure>\n<p>Sobre gestores energ\u00e9ticos<\/p>\n<p>Un gestor energ\u00e9tico es un profesional que se encarga de optimizar el uso de la energ\u00eda en empresas, edificios, instituciones p\u00fablicas, y otros entornos. Su objetivo es reducir el consumo energ\u00e9tico y los costes, al mismo tiempo que se disminuye el impacto ambiental.<\/p>\n<p>En la actividad estuvieron los directores de Promoci\u00f3n del Uso Racional de la Energ\u00eda, Madelin Ram\u00edrez; de Pol\u00edticas de ahorro y Eficiencia Energ\u00e9tica, Jos\u00e9 Santana, y de Energ\u00eda Renovable, Ernesto Acevedo.<\/p>\n<p>Por el Indocal estuvieron, los directores de Evaluaci\u00f3n de la Conformidad, Karilyn Rodr\u00edguez; de Normalizaci\u00f3n, Vladimir Jim\u00e9nez, y los encargados de Certificaci\u00f3n de Persona, Patricia Alberti, y de Gesti\u00f3n T\u00e9cnica de Evaluaci\u00f3n de la Conformidad, Noem\u00ed Fr\u00edas, entre otras autoridades de la instituci\u00f3n.<\/p>\n","protected":false},"excerpt":{"rendered":"<p>Santo Domingo.- El Ministerio de Energ\u00eda y Minas (MEM) recibi\u00f3, del Instituto Dominicano para la Calidad (Indocal), la certificaci\u00f3n del primer gestor energ\u00e9tico de la Administraci\u00f3n p\u00fablica, como parte de la pol\u00edtica de ahorro de energ\u00eda que implementa el Gobierno. En un acto, encabezado por la viceministra de Innovaci\u00f3n y Transici\u00f3n Energ\u00e9tica, Betty Soto, y [&hellip;]<\/p>\n","protected":false},"author":1,"featured_media":9985,"comment_status":"closed","ping_status":"closed","sticky":false,"template":"","format":"standard","meta":{"_eb_attr":"","footnotes":""},"categories":[36],"tags":[],"_links":{"self":[{"href":"https:\/\/informedesalud.com.do\/index.php?rest_route=\/wp\/v2\/posts\/9984"}],"collection":[{"href":"https:\/\/informedesalud.com.do\/index.php?rest_route=\/wp\/v2\/posts"}],"about":[{"href":"https:\/\/informedesalud.com.do\/index.php?rest_route=\/wp\/v2\/types\/post"}],"author":[{"embeddable":true,"href":"https:\/\/informedesalud.com.do\/index.php?rest_route=\/wp\/v2\/users\/1"}],"replies":[{"embeddable":true,"href":"https:\/\/informedesalud.com.do\/index.php?rest_route=%2Fwp%2Fv2%2Fcomments&post=9984"}],"version-history":[{"count":0,"href":"https:\/\/informedesalud.com.do\/index.php?rest_route=\/wp\/v2\/posts\/9984\/revisions"}],"wp:featuredmedia":[{"embeddable":true,"href":"https:\/\/informedesalud.com.do\/index.php?rest_route=\/wp\/v2\/media\/9985"}],"wp:attachment":[{"href":"https:\/\/informedesalud.com.do\/index.php?rest_route=%2Fwp%2Fv2%2Fmedia&parent=9984"}],"wp:term":[{"taxonomy":"category","embeddable":true,"href":"https:\/\/informedesalud.com.do\/index.php?rest_route=%2Fwp%2Fv2%2Fcategories&post=9984"},{"taxonomy":"post_tag","embeddable":true,"href":"https:\/\/informedesalud.com.do\/index.php?rest_route=%2Fwp%2Fv2%2Ftags&post=9984"}],"curies":[{"name":"wp","href":"https:\/\/api.w.org\/{rel}","templated":true}]}}