{"id":9982,"date":"2025-04-04T23:45:49","date_gmt":"2025-04-04T21:45:49","guid":{"rendered":"https:\/\/laconsultamedica.com.do\/?p=25214"},"modified":"2025-04-04T23:45:49","modified_gmt":"2025-04-04T21:45:49","slug":"unidos-por-la-salud-ministerios-y-organizaciones-invitan-a-caminata-en-el-parque-mirador-sur-este-5-de-abril","status":"publish","type":"post","link":"https:\/\/informedesalud.com.do\/?p=9982","title":{"rendered":"Unidos por la salud: Ministerios y organizaciones invitan a caminata en el Parque Mirador Sur, este 5 de abril"},"content":{"rendered":"<p>La actividad, organizada por el Ministerio de Salud, SNS, OPS, UNFPA, UNICEF, CIPESA&nbsp; y la Alcald\u00eda del Distrito Nacional, ser\u00e1 realizada en el Mirador Sur por la salud materna y neonatal.*<\/p>\n<p>Santo Domingo. \u2013 El Ministerio de Salud P\u00fablica (MSP), el Servicio Nacional de Salud (SNS), la Organizaci\u00f3n Panamericana de la Salud (OPS), el Fondo de Poblaci\u00f3n de las Naciones Unidas (UNFPA), el Fondo de las Naciones Unidas para la Infancia (UNICEF) y la Alcald\u00eda del Distrito Nacional, invitan a participar en la caminata por el D\u00eda Mundial de la Salud. Esta actividad tiene como objetivo concienciar sobre la importancia de la salud materna y neonatal, promoviendo la reducci\u00f3n de la mortalidad materna e infantil.<\/p>\n<p>La caminata que se realizar\u00e1 este pr\u00f3ximo s\u00e1bado 5 de abril, iniciar\u00e1 a las 7:00 a.m. en el kil\u00f3metro 5 del Parque Mirador Sur, comenzando cerca de la Avenida Luper\u00f3n y recorriendo la Avenida de la Salud. No es necesario realizar inscripci\u00f3n previa para participar. Los primeros en llegar recibir\u00e1n un kit que incluye una camiseta y otros art\u00edculos.<\/p>\n<p>Bajo el lema \u201cComienzos saludables, futuros esperanzadores\u201d, esta iniciativa busca generar conciencia sobre la importancia de fortalecer la atenci\u00f3n materna y reducir la mortalidad en madres y reci\u00e9n nacidos. La caminata contar\u00e1 con un recorrido de 5 kil\u00f3metros, en el que se espera la participaci\u00f3n de cientos de personas.<\/p>\n<figure class=\"wp-block-image size-large\"><img fetchpriority=\"high\" fetchpriority=\"high\" decoding=\"async\" width=\"791\" height=\"1024\" src=\"https:\/\/laconsultamedica.com.do\/wp-content\/uploads\/2025\/04\/img-20250404-wa00124080770199755025656-791x1024.jpg\" alt class=\"wp-image-25213\" srcset=\"https:\/\/laconsultamedica.com.do\/wp-content\/uploads\/2025\/04\/img-20250404-wa00124080770199755025656-791x1024.jpg 791w, https:\/\/laconsultamedica.com.do\/wp-content\/uploads\/2025\/04\/img-20250404-wa00124080770199755025656-232x300.jpg 232w, https:\/\/laconsultamedica.com.do\/wp-content\/uploads\/2025\/04\/img-20250404-wa00124080770199755025656-768x994.jpg 768w, https:\/\/laconsultamedica.com.do\/wp-content\/uploads\/2025\/04\/img-20250404-wa00124080770199755025656-1187x1536.jpg 1187w, https:\/\/laconsultamedica.com.do\/wp-content\/uploads\/2025\/04\/img-20250404-wa00124080770199755025656-750x971.jpg 750w, https:\/\/laconsultamedica.com.do\/wp-content\/uploads\/2025\/04\/img-20250404-wa00124080770199755025656-1140x1476.jpg 1140w, https:\/\/laconsultamedica.com.do\/wp-content\/uploads\/2025\/04\/img-20250404-wa00124080770199755025656.jpg 1236w\" sizes=\"(max-width: 791px) 100vw, 791px\"><\/figure>\n<p>Este evento cuenta con el apoyo del Ministerio de Agricultura, el Instituto Nacional de la Aguja (INAGUJA), la Organizaci\u00f3n de las Naciones Unidas para la Alimentaci\u00f3n y la Agricultura (FAO), El Programa Mundial de Alimentos (PMA) la Alianza por el Bienestar &amp; Alimentaci\u00f3n Consciente, el Servicio Nacional de Salud (SNS), el C\u00edrculo de Periodistas de la Salud (CIPESA), Coll Heaven, Helados Bon (l\u00ednea sin az\u00facar y sin aditivos), Planeta Azul, Pollos Cibao, Dasani y Grupo Rica, entre otros aliados.<\/p>\n<p>\u201cInvitamos a toda la poblaci\u00f3n a unirse a esta jornada. M\u00e1s que una caminata, es un llamado a la acci\u00f3n para garantizar un futuro m\u00e1s saludable para madres y reci\u00e9n nacidos. Cada paso que damos juntos representa un compromiso con la vida\u201d, expresaron los organizadores.<\/p>\n<p>El Ministerio de Salud P\u00fablica, en conjunto con el SNS, UNFPA, UNICEF, OPS y otras organizaciones, ha impulsado el Plan de Aceleraci\u00f3n para la Reducci\u00f3n de la Mortalidad Neonatal, que busca disminuir los ingresos de reci\u00e9n nacidos en las Unidades de Cuidados Intensivos Neonatales (UCIN) y reducir la mortalidad en hospitales clave.<\/p>\n<p>*Objetivos de la Caminata y la Estrategia de Comunicaci\u00f3n*<\/p>\n<p>La caminata busca fomentar la participaci\u00f3n comunitaria en iniciativas que contribuyen a reducir la mortalidad materna y neonatal. Visibilizar los esfuerzos de instituciones de salud y organismos internacionales en la implementaci\u00f3n de programas clave, fortalecer la educaci\u00f3n en salud, asegurando el acceso a informaci\u00f3n sobre prevenci\u00f3n y cuidados materno-neonatales, as\u00ed como promover pr\u00e1cticas saludables durante el embarazo, parto y postparto, adem\u00e1s de la planificaci\u00f3n familiar y atenci\u00f3n prenatal.<\/p>\n","protected":false},"excerpt":{"rendered":"<p>La actividad, organizada por el Ministerio de Salud, SNS, OPS, UNFPA, UNICEF, CIPESA&nbsp; y la Alcald\u00eda del Distrito Nacional, ser\u00e1 realizada en el Mirador Sur por la salud materna y neonatal.* Santo Domingo. \u2013 El Ministerio de Salud P\u00fablica (MSP), el Servicio Nacional de Salud (SNS), la Organizaci\u00f3n Panamericana de la Salud (OPS), el Fondo [&hellip;]<\/p>\n","protected":false},"author":1,"featured_media":9983,"comment_status":"closed","ping_status":"closed","sticky":false,"template":"","format":"standard","meta":{"_eb_attr":"","footnotes":""},"categories":[93],"tags":[],"_links":{"self":[{"href":"https:\/\/informedesalud.com.do\/index.php?rest_route=\/wp\/v2\/posts\/9982"}],"collection":[{"href":"https:\/\/informedesalud.com.do\/index.php?rest_route=\/wp\/v2\/posts"}],"about":[{"href":"https:\/\/informedesalud.com.do\/index.php?rest_route=\/wp\/v2\/types\/post"}],"author":[{"embeddable":true,"href":"https:\/\/informedesalud.com.do\/index.php?rest_route=\/wp\/v2\/users\/1"}],"replies":[{"embeddable":true,"href":"https:\/\/informedesalud.com.do\/index.php?rest_route=%2Fwp%2Fv2%2Fcomments&post=9982"}],"version-history":[{"count":0,"href":"https:\/\/informedesalud.com.do\/index.php?rest_route=\/wp\/v2\/posts\/9982\/revisions"}],"wp:featuredmedia":[{"embeddable":true,"href":"https:\/\/informedesalud.com.do\/index.php?rest_route=\/wp\/v2\/media\/9983"}],"wp:attachment":[{"href":"https:\/\/informedesalud.com.do\/index.php?rest_route=%2Fwp%2Fv2%2Fmedia&parent=9982"}],"wp:term":[{"taxonomy":"category","embeddable":true,"href":"https:\/\/informedesalud.com.do\/index.php?rest_route=%2Fwp%2Fv2%2Fcategories&post=9982"},{"taxonomy":"post_tag","embeddable":true,"href":"https:\/\/informedesalud.com.do\/index.php?rest_route=%2Fwp%2Fv2%2Ftags&post=9982"}],"curies":[{"name":"wp","href":"https:\/\/api.w.org\/{rel}","templated":true}]}}