{"id":9981,"date":"2025-04-04T23:35:21","date_gmt":"2025-04-04T21:35:21","guid":{"rendered":"https:\/\/laconsultamedica.com.do\/?p=25203"},"modified":"2025-04-04T23:35:21","modified_gmt":"2025-04-04T21:35:21","slug":"concluye-con-exito-iii-foro-sobre-retos-de-la-formalizacion-laboral-en-iberoamerica-reformas-de-los-sistemas-de-seguridad-social-para-ampliar-afiliacion-y-cobertura-de-prestaciones","status":"publish","type":"post","link":"https:\/\/informedesalud.com.do\/?p=9981","title":{"rendered":"Concluye con \u00e9xito III Foro sobre retos de la formalizaci\u00f3n laboral en Iberoam\u00e9rica: \u201cReformas de los sistemas de seguridad social para ampliar afiliaci\u00f3n y cobertura de prestaciones"},"content":{"rendered":"<p>Santo Domingo. \u2013 Con un firme llamado a fortalecer la ampliaci\u00f3n, la afiliaci\u00f3n y cobertura de prestaciones, concluy\u00f3 este jueves el III Foro sobre Retos de la Formalizaci\u00f3n Laboral en Iberoam\u00e9rica, desarrollado bajo el lema \u201cReformas de los sistemas de seguridad social para ampliar afiliaci\u00f3n y cobertura de prestaciones\u201d.<\/p>\n<p>El evento fue organizado por la Organizaci\u00f3n Iberoamericana de Seguridad Social (OISS) en<br \/>colaboraci\u00f3n con el Ministerio de Trabajo de la Rep\u00fablica Dominicana y el apoyo de la Agencia<br \/>Espa\u00f1ola de Cooperaci\u00f3n Internacional para el Desarrollo (AECID), con el objetivo principal de <br \/>contribuir a la formalizaci\u00f3n laboral y a la afiliaci\u00f3n a los sistemas de seguridad social en los pa\u00edses iberoamericanos, mediante el intercambio de experiencias, buenas pr\u00e1cticas y propuestas de reforma que permitan ampliar la cobertura y sostenibilidad de la protecci\u00f3n social.<\/p>\n<figure class=\"wp-block-image size-large\"><img fetchpriority=\"high\" fetchpriority=\"high\" decoding=\"async\" width=\"1024\" height=\"681\" src=\"https:\/\/laconsultamedica.com.do\/wp-content\/uploads\/2025\/04\/img-20250404-wa00182657193844932699963-1024x681.jpg\" alt class=\"wp-image-25202\" srcset=\"https:\/\/laconsultamedica.com.do\/wp-content\/uploads\/2025\/04\/img-20250404-wa00182657193844932699963-1024x681.jpg 1024w, https:\/\/laconsultamedica.com.do\/wp-content\/uploads\/2025\/04\/img-20250404-wa00182657193844932699963-300x199.jpg 300w, https:\/\/laconsultamedica.com.do\/wp-content\/uploads\/2025\/04\/img-20250404-wa00182657193844932699963-768x511.jpg 768w, https:\/\/laconsultamedica.com.do\/wp-content\/uploads\/2025\/04\/img-20250404-wa00182657193844932699963-750x499.jpg 750w, https:\/\/laconsultamedica.com.do\/wp-content\/uploads\/2025\/04\/img-20250404-wa00182657193844932699963-1140x758.jpg 1140w, https:\/\/laconsultamedica.com.do\/wp-content\/uploads\/2025\/04\/img-20250404-wa00182657193844932699963.jpg 1280w\" sizes=\"(max-width: 1024px) 100vw, 1024px\"><\/figure>\n<p>Durante los d\u00edas 3 y 4 de abril, el Foro desarroll\u00f3 cinco paneles de alto nivel, en los que se<br \/>abordaron temas clave como la ampliaci\u00f3n de la cobertura contributiva, los incentivos a la<br \/>formalizaci\u00f3n, el trabajo independiente, la fiscalizaci\u00f3n efectiva y la sostenibilidad financiera de los sistemas de seguridad social.<br \/>Reuni\u00f3 a autoridades y representantes de instituciones de seguridad social de 12 pa\u00edses<br \/>iberoamericanos: Argentina, Bolivia, Chile, Colombia, Costa Rica, Ecuador, El Salvador, Espa\u00f1a, Paraguay, Per\u00fa, Rep\u00fablica Dominicana y Uruguay. Asimismo, se cont\u00f3 con la presencia de representantes de dos organismos internacionales clave, como la Organizaci\u00f3n Internacional del Trabajo (OIT) y la Organizaci\u00f3n para la Cooperaci\u00f3n y el Desarrollo Econ\u00f3micos (OCDE).<\/p>\n<p>La apertura estuvo encabezada por el ministro de Trabajo de la Rep\u00fablica Dominicana y presidente de la OISS, Eddy Olivares, junto a la secretaria general de la OISS, Gina Magnolia Ria\u00f1o Bar\u00f3n; la ministra de Capital Humano de Argentina, Sandra Pettovello; la ministra de Inclusi\u00f3n, Seguridad Social y Migraciones de Espa\u00f1a, Elma Saiz; y el viceministro de Trabajo de Paraguay, C\u00e9sar Segovia. <\/p>\n<p>Las autoridades coincidieron en la necesidad de modernizar los sistemas de seguridad social para hacerlos m\u00e1s inclusivos y resilientes ante los cambios del mercado laboral.<\/p>\n<figure class=\"wp-block-image size-large\"><img decoding=\"async\" width=\"1024\" height=\"681\" src=\"https:\/\/laconsultamedica.com.do\/wp-content\/uploads\/2025\/04\/img-20250404-wa00176450657667194742870-1024x681.jpg\" alt class=\"wp-image-25201\" srcset=\"https:\/\/laconsultamedica.com.do\/wp-content\/uploads\/2025\/04\/img-20250404-wa00176450657667194742870-1024x681.jpg 1024w, https:\/\/laconsultamedica.com.do\/wp-content\/uploads\/2025\/04\/img-20250404-wa00176450657667194742870-300x199.jpg 300w, https:\/\/laconsultamedica.com.do\/wp-content\/uploads\/2025\/04\/img-20250404-wa00176450657667194742870-768x511.jpg 768w, https:\/\/laconsultamedica.com.do\/wp-content\/uploads\/2025\/04\/img-20250404-wa00176450657667194742870-750x499.jpg 750w, https:\/\/laconsultamedica.com.do\/wp-content\/uploads\/2025\/04\/img-20250404-wa00176450657667194742870-1140x758.jpg 1140w, https:\/\/laconsultamedica.com.do\/wp-content\/uploads\/2025\/04\/img-20250404-wa00176450657667194742870.jpg 1280w\" sizes=\"(max-width: 1024px) 100vw, 1024px\"><\/figure>\n<p>El ministro de Trabajo, Eddy Olivares, destac\u00f3 que la cooperaci\u00f3n iberoamericana es fundamental para enfrentar los desaf\u00edos compartidos y avanzar hacia modelos de protecci\u00f3n social m\u00e1s justos y reiter\u00f3 el compromiso de Rep\u00fablica Dominicana con una agenda de trabajo decente, inclusivo y sostenible. <\/p>\n<p>Este III Foro cont\u00f3 con la participaci\u00f3n presencial de m\u00e1s de 180 personas y registr\u00f3 m\u00e1s de 800 visualizaciones a trav\u00e9s de la transmisi\u00f3n en l\u00ednea, reflejando el alto inter\u00e9s regional por los temas abordados.<\/p>\n<p>De su lado, La secretaria general de la OISS, Gina Magnolia Ria\u00f1o Bar\u00f3n, subray\u00f3 el rol estrat\u00e9gico del di\u00e1logo regional para enfrentar los desaf\u00edos comunes en materia de formalizaci\u00f3n laboral y protecci\u00f3n social.<\/p>\n<p>El foro se consolid\u00f3 como un espacio clave para el di\u00e1logo regional, el intercambio de<br \/>experiencias exitosas y la construcci\u00f3n conjunta de pol\u00edticas p\u00fablicas que impulsen la<br \/>formalizaci\u00f3n laboral y el acceso efectivo a la protecci\u00f3n social en Iberoam\u00e9rica.<\/p>\n","protected":false},"excerpt":{"rendered":"<p>Santo Domingo. \u2013 Con un firme llamado a fortalecer la ampliaci\u00f3n, la afiliaci\u00f3n y cobertura de prestaciones, concluy\u00f3 este jueves el III Foro sobre Retos de la Formalizaci\u00f3n Laboral en Iberoam\u00e9rica, desarrollado bajo el lema \u201cReformas de los sistemas de seguridad social para ampliar afiliaci\u00f3n y cobertura de prestaciones\u201d. El evento fue organizado por la [&hellip;]<\/p>\n","protected":false},"author":1,"featured_media":0,"comment_status":"closed","ping_status":"closed","sticky":false,"template":"","format":"standard","meta":{"_eb_attr":"","footnotes":""},"categories":[93],"tags":[],"_links":{"self":[{"href":"https:\/\/informedesalud.com.do\/index.php?rest_route=\/wp\/v2\/posts\/9981"}],"collection":[{"href":"https:\/\/informedesalud.com.do\/index.php?rest_route=\/wp\/v2\/posts"}],"about":[{"href":"https:\/\/informedesalud.com.do\/index.php?rest_route=\/wp\/v2\/types\/post"}],"author":[{"embeddable":true,"href":"https:\/\/informedesalud.com.do\/index.php?rest_route=\/wp\/v2\/users\/1"}],"replies":[{"embeddable":true,"href":"https:\/\/informedesalud.com.do\/index.php?rest_route=%2Fwp%2Fv2%2Fcomments&post=9981"}],"version-history":[{"count":0,"href":"https:\/\/informedesalud.com.do\/index.php?rest_route=\/wp\/v2\/posts\/9981\/revisions"}],"wp:attachment":[{"href":"https:\/\/informedesalud.com.do\/index.php?rest_route=%2Fwp%2Fv2%2Fmedia&parent=9981"}],"wp:term":[{"taxonomy":"category","embeddable":true,"href":"https:\/\/informedesalud.com.do\/index.php?rest_route=%2Fwp%2Fv2%2Fcategories&post=9981"},{"taxonomy":"post_tag","embeddable":true,"href":"https:\/\/informedesalud.com.do\/index.php?rest_route=%2Fwp%2Fv2%2Ftags&post=9981"}],"curies":[{"name":"wp","href":"https:\/\/api.w.org\/{rel}","templated":true}]}}