{"id":9973,"date":"2025-04-04T23:13:40","date_gmt":"2025-04-04T21:13:40","guid":{"rendered":"https:\/\/laconsultamedica.com.do\/?p=25190"},"modified":"2025-04-04T23:13:40","modified_gmt":"2025-04-04T21:13:40","slug":"mujeres-periodistas-abre-convocatoria-para-el-premio-de-periodismo-pia-rodriguez","status":"publish","type":"post","link":"https:\/\/informedesalud.com.do\/?p=9973","title":{"rendered":"Mujeres Periodistas abre convocatoria para el Premio de periodismo P\u00eda Rodr\u00edguez"},"content":{"rendered":"<div><img decoding=\"async\" src=\"https:\/\/laconsultamedica.com.do\/wp-content\/uploads\/2025\/04\/image_editor_output_image2137834995-1743801249112.jpg\" class=\"ff-og-image-inserted\"><\/div>\n<p>SANTO DOMINGO.- El Foro de Mujeres Periodistas Dominicanas abre la convocatoria al \u201cPremio Periodista P\u00eda Rodr\u00edguez\u201d, un periodismo para narrar a nuestras pioneras\u201d, este cinco de abril, D\u00eda Nacional del Periodismo en el pa\u00eds.<\/p>\n<p>El \u201cPremio Periodista P\u00eda Rodr\u00edguez\u201d, anunciado en el Segundo Foro de Mujeres Periodistas en julio de 2024, reconoce y celebra a mujeres pioneras de la Rep\u00fablica Dominicana que desarrollaron labores importantes para la participaci\u00f3n en los espacios de incidencia p\u00fablica, aportando pluralidad y fortalecimiento a la democracia del pa\u00eds, precisan las bases del galard\u00f3n.<\/p>\n<p>La periodista autodidacta P\u00eda Rodr\u00edguez fue una mujer pionera al transmitir para medios nacionales e internacionales los resultados de las primeras elecciones democr\u00e1ticas, tras la dictadura trujillista.<\/p>\n<p>Adem\u00e1s, semanalmente a trav\u00e9s del programa de televisi\u00f3n \u201cPuntos de Vista\u201d, entrevist\u00f3 al liderazgo pol\u00edtico entre los a\u00f1os 1970 hasta el 2010, incidiendo en importantes procesos pol\u00edticos, sociales y econ\u00f3micos de dos siglos.<\/p>\n<p>En este sentido, el Foro de Mujeres Periodistas Dominicanas precisa que la finalidad del premio period\u00edstico es \u201cvisibilizar y valorar el trabajo de las mujeres que han abierto caminos y han dejado una huella significativa en el desarrollo de la democracia del pa\u00eds, a trav\u00e9s de las diversas expresiones y g\u00e9neros period\u00edsticos, constituidas en narrativas emancipadoras\u201d.<\/p>\n<p>Para contribuir con el fortalecimiento del ejercicio period\u00edstico, previo a la entrega del premio en julio pr\u00f3ximo -coincidiendo con el Tercer Foro de Mujeres Periodistas\u2013 se realizar\u00e1n tres talleres en los cuales se promover\u00e1 el di\u00e1logo y las acciones colectivas de quienes ejercen el periodismo, siendo el primero est\u00e9 26 de abril, en el Centro de las Telecomunicaciones del Instituto Dominicano de las Telecomunicaciones (INDOTEL), de 9am a 1pm.<\/p>\n<p>En el taller \u201cMujeres muteadas\u201d, este 26 de abril, se fortalecer\u00e1n las capacidades para contrarrestar el silencio inducido por discursos \u201canti-igualdad\u201d como ha establecido el estudio Sin Filtros, y se compartir\u00e1n estrategias discursivas para hacer prevalecer el discurso a favor de la igualdad. Adem\u00e1s, se establecer\u00e1 un plan de acci\u00f3n y colaboraci\u00f3n para el desarrollo de informaciones y opiniones que contrarresten el discurso de odio.<\/p>\n<p>En este taller se presentar\u00e1 la gu\u00eda did\u00e1ctica de la primera edici\u00f3n del Premio Periodista P\u00eda Rodr\u00edguez, que presentar\u00e1 importantes ejercicios que permitir\u00e1n crear un registro de las pioneras dominicanas, potencializando la labor period\u00edstica de investigar, indagar y cuestionar, a fin de reconstruir los aportes de las dominicanas en la pol\u00edtica, la econom\u00eda, las ciencias y las artes, desde el siglo XIX hasta el XXI. Se dar\u00e1 un valor especial a las fuentes documentales y testimoniales, como fundamento para presentar las narrativas del Premio Periodista P\u00eda Rodr\u00edguez.<\/p>\n<p>A trav\u00e9s de la plataforma Ciudadan\u00eda F\u00e9mina (https:\/\/ciudadaniafemina.com\/), el pr\u00f3ximo 30 de junio, se podr\u00e1n recibir los trabajos period\u00edsticos en los formatos escrito, audiovisual y multimedi\u00e1tico. Las bases del concurso y los detalles del taller tambi\u00e9n est\u00e1n disponibles en esta plataforma.<\/p>\n","protected":false},"excerpt":{"rendered":"<p>SANTO DOMINGO.- El Foro de Mujeres Periodistas Dominicanas abre la convocatoria al \u201cPremio Periodista P\u00eda Rodr\u00edguez\u201d, un periodismo para narrar a nuestras pioneras\u201d, este cinco de abril, D\u00eda Nacional del Periodismo en el pa\u00eds. El \u201cPremio Periodista P\u00eda Rodr\u00edguez\u201d, anunciado en el Segundo Foro de Mujeres Periodistas en julio de 2024, reconoce y celebra a [&hellip;]<\/p>\n","protected":false},"author":1,"featured_media":9974,"comment_status":"closed","ping_status":"closed","sticky":false,"template":"","format":"standard","meta":{"_eb_attr":"","footnotes":""},"categories":[43],"tags":[],"_links":{"self":[{"href":"https:\/\/informedesalud.com.do\/index.php?rest_route=\/wp\/v2\/posts\/9973"}],"collection":[{"href":"https:\/\/informedesalud.com.do\/index.php?rest_route=\/wp\/v2\/posts"}],"about":[{"href":"https:\/\/informedesalud.com.do\/index.php?rest_route=\/wp\/v2\/types\/post"}],"author":[{"embeddable":true,"href":"https:\/\/informedesalud.com.do\/index.php?rest_route=\/wp\/v2\/users\/1"}],"replies":[{"embeddable":true,"href":"https:\/\/informedesalud.com.do\/index.php?rest_route=%2Fwp%2Fv2%2Fcomments&post=9973"}],"version-history":[{"count":0,"href":"https:\/\/informedesalud.com.do\/index.php?rest_route=\/wp\/v2\/posts\/9973\/revisions"}],"wp:featuredmedia":[{"embeddable":true,"href":"https:\/\/informedesalud.com.do\/index.php?rest_route=\/wp\/v2\/media\/9974"}],"wp:attachment":[{"href":"https:\/\/informedesalud.com.do\/index.php?rest_route=%2Fwp%2Fv2%2Fmedia&parent=9973"}],"wp:term":[{"taxonomy":"category","embeddable":true,"href":"https:\/\/informedesalud.com.do\/index.php?rest_route=%2Fwp%2Fv2%2Fcategories&post=9973"},{"taxonomy":"post_tag","embeddable":true,"href":"https:\/\/informedesalud.com.do\/index.php?rest_route=%2Fwp%2Fv2%2Ftags&post=9973"}],"curies":[{"name":"wp","href":"https:\/\/api.w.org\/{rel}","templated":true}]}}