{"id":9971,"date":"2025-04-04T23:18:09","date_gmt":"2025-04-04T21:18:09","guid":{"rendered":"https:\/\/laconsultamedica.com.do\/?p=25198"},"modified":"2025-04-04T23:18:09","modified_gmt":"2025-04-04T21:18:09","slug":"ministro-carlos-bonilla-entrega-nuevas-areas-del-hospital-regional-docente-dr-antonio-musa-en-san-pedro-de-macoris","status":"publish","type":"post","link":"https:\/\/informedesalud.com.do\/?p=9971","title":{"rendered":"Ministro Carlos Bonilla entrega nuevas \u00e1reas del Hospital Regional Docente Dr. Antonio Musa en San Pedro de Macor\u00eds"},"content":{"rendered":"<p>Esterilizaci\u00f3n, consultas, farmacia, tuberculosis y UCI neonatal, son algunas de las \u00e1reas remozadas hoy por el MIVED.<br \/>San Pedro de Macor\u00eds. \u2013 El ministro de Vivienda y Edificaciones (MIVED), Carlos Bonilla, junto al director del Servicio Nacional de Salud (SNS), doctor Mario Lama, hizo entrega este jueves de nuevas \u00e1reas de salud en el Hospital Regional Docente Doctor Antonio Musa, en la provincia San Pedro de Macor\u00eds, como parte de los trabajos de remozamiento que realiza la entidad en esa infraestructura hospitalaria.<\/p>\n<p>El ministro Bonilla entreg\u00f3 las \u00e1reas de esterilizaci\u00f3n, consultas, farmacia, tuberculosis, y la Unidad de Cuidados Intensivos (UCI) neonatal, que comprende a la tercera etapa del hospital, integrando m\u00e1s de 30 nuevas camas al sistema de salud de la Rep\u00fablica Dominicana.<\/p>\n<p>Durante la entrega, el ministro Bonilla dijo que \u201cesta es de las primeras obras que el presidente Luis Abinader visit\u00f3 a su llegada al Gobierno porque le importa San Pedro y desde entonces empez\u00f3 esta trayectoria de poder completar el hospital a\u00fan en funcionamiento, sin poder parar. <\/p>\n<figure class=\"wp-block-image size-large\"><img fetchpriority=\"high\" fetchpriority=\"high\" decoding=\"async\" width=\"1024\" height=\"682\" src=\"https:\/\/laconsultamedica.com.do\/wp-content\/uploads\/2025\/04\/img-20250404-wa00146220901572218294726-1024x682.jpg\" alt class=\"wp-image-25193\" srcset=\"https:\/\/laconsultamedica.com.do\/wp-content\/uploads\/2025\/04\/img-20250404-wa00146220901572218294726-1024x682.jpg 1024w, https:\/\/laconsultamedica.com.do\/wp-content\/uploads\/2025\/04\/img-20250404-wa00146220901572218294726-300x200.jpg 300w, https:\/\/laconsultamedica.com.do\/wp-content\/uploads\/2025\/04\/img-20250404-wa00146220901572218294726-768x512.jpg 768w, https:\/\/laconsultamedica.com.do\/wp-content\/uploads\/2025\/04\/img-20250404-wa00146220901572218294726-1536x1023.jpg 1536w, https:\/\/laconsultamedica.com.do\/wp-content\/uploads\/2025\/04\/img-20250404-wa00146220901572218294726-750x500.jpg 750w, https:\/\/laconsultamedica.com.do\/wp-content\/uploads\/2025\/04\/img-20250404-wa00146220901572218294726-1140x760.jpg 1140w, https:\/\/laconsultamedica.com.do\/wp-content\/uploads\/2025\/04\/img-20250404-wa00146220901572218294726.jpg 1600w\" sizes=\"(max-width: 1024px) 100vw, 1024px\"><\/figure>\n<p>Hay muchas \u00e1reas que los m\u00e9dicos y pacientes est\u00e1n utilizando, con servicios de calidad, pero quiero exhortarles que cuiden su hospital, para cuidar la gran inversi\u00f3n que se ha hecho aqu\u00ed. Luchen por esta inversi\u00f3n que se ha hecho con mucho esfuerzo, porque este hospital es una prioridad para el Gobierno\u201d.<\/p>\n<p>Por su parte, el director del Servicio Nacional de Salud, doctor Mario Lama, destac\u00f3 la importancia de las renovaciones en el hospital y reconoci\u00f3 las dificultades operativas que enfrent\u00f3 el MIVED para sacar adelante el centro de salud. Subray\u00f3 que, a pesar de los retos de mantener los servicios en funcionamiento durante las obras, la colaboraci\u00f3n del personal y de distintos actores ha sido clave en el proceso. Asimismo, se\u00f1al\u00f3 que con la entrega de esta segunda fase, el hospital avanza hacia su transformaci\u00f3n, alcanzando ya un 75 % de ejecuci\u00f3n.<\/p>\n<p>Como parte de la primera y segunda etapa, el MIVED ha hecho entrega de las \u00e1reas internamiento pedi\u00e1trico, sala de parto, nueve camas UCI, quir\u00f3fanos generales y administraci\u00f3n.<\/p>\n<p>La reconstrucci\u00f3n del Hospital Regional Docente Doctor Antonio Musa contempla entregar 131 nuevas camas de hospitalizaci\u00f3n al sistema, entre las que se encuentran 8 camas para intervenci\u00f3n de crisis, 18 consultorios de especialidades generales, cinco unidades para odontolog\u00eda y dos unidades de oftalomolog\u00eda.<\/p>\n<p>Tambi\u00e9n contempla atenci\u00f3n al adolescente, emergencias, hemodi\u00e1lisis, rayos x, sonograf\u00eda y mamograf\u00eda, inmunizaciones, fisiatr\u00eda, laboratorio, maternidad, unidad quir\u00fargica, UCI, lactancia, tomograf\u00eda, resonancia, endoscop\u00eda, densitometr\u00eda y anatom\u00eda patol\u00f3gica.<\/p>\n<figure class=\"wp-block-image size-large\"><img decoding=\"async\" width=\"1024\" height=\"682\" src=\"https:\/\/laconsultamedica.com.do\/wp-content\/uploads\/2025\/04\/img-20250404-wa00154921716715254356341-1024x682.jpg\" alt class=\"wp-image-25194\" srcset=\"https:\/\/laconsultamedica.com.do\/wp-content\/uploads\/2025\/04\/img-20250404-wa00154921716715254356341-1024x682.jpg 1024w, https:\/\/laconsultamedica.com.do\/wp-content\/uploads\/2025\/04\/img-20250404-wa00154921716715254356341-300x200.jpg 300w, https:\/\/laconsultamedica.com.do\/wp-content\/uploads\/2025\/04\/img-20250404-wa00154921716715254356341-768x512.jpg 768w, https:\/\/laconsultamedica.com.do\/wp-content\/uploads\/2025\/04\/img-20250404-wa00154921716715254356341-1536x1023.jpg 1536w, https:\/\/laconsultamedica.com.do\/wp-content\/uploads\/2025\/04\/img-20250404-wa00154921716715254356341-750x500.jpg 750w, https:\/\/laconsultamedica.com.do\/wp-content\/uploads\/2025\/04\/img-20250404-wa00154921716715254356341-1140x760.jpg 1140w, https:\/\/laconsultamedica.com.do\/wp-content\/uploads\/2025\/04\/img-20250404-wa00154921716715254356341.jpg 1600w\" sizes=\"(max-width: 1024px) 100vw, 1024px\"><\/figure>\n<p>De igual manera, este centro de salud contar\u00e1 con cuatro quir\u00f3fanos generales, cinco salas de parto, un \u00e1rea de soporte y seis \u00e1reas neonatal.<\/p>\n<p>Este proceso de construcci\u00f3n en el Hospital Regional Doctor Antonio Musa es parte del grupo de intervenciones que realiza el Ministerio de Vivienda y Edificaciones para acondicionar las estructuras hospitalarias que cuentan con muchos a\u00f1os en servicio activo para que puedan cumplir los est\u00e1ndares internacionales de edificaciones de salud, adem\u00e1s de los lineamientos actualizados del Ministerio de Salud P\u00fablica.<\/p>\n<p>A la fecha el MIVED ha entregado 10 hospitales, m\u00e1s de 650 camas hospitalarias puestas al servicio de la poblaci\u00f3n y 11 centros de diagn\u00f3stico y atenci\u00f3n primaria.<\/p>\n<p>Acompa\u00f1aron al ministro Carlos Bonilla, el director del SNS, doctor Mario Lama; la gobernadora de San Pedro de Macor\u00eds, Yovanny Baltazar; la senadora de San Pedro, Aracelis Villanueva; el alcalde de San Pedro de Macor\u00eds, Raymundo Ortiz; Nelson Arroyo, vicepresidente ejecutivo de Seguros Reservas; los diputados Jacobo Ramos, Miguel Arredondo y Carlixta Paula; el director del Hospital Musa, doctor Antonio Mar\u00ed\u00f1ez; y la exdiputada Rafaela (Lila) Alburquerque.<\/p>\n","protected":false},"excerpt":{"rendered":"<p>Esterilizaci\u00f3n, consultas, farmacia, tuberculosis y UCI neonatal, son algunas de las \u00e1reas remozadas hoy por el MIVED.San Pedro de Macor\u00eds. \u2013 El ministro de Vivienda y Edificaciones (MIVED), Carlos Bonilla, junto al director del Servicio Nacional de Salud (SNS), doctor Mario Lama, hizo entrega este jueves de nuevas \u00e1reas de salud en el Hospital Regional [&hellip;]<\/p>\n","protected":false},"author":1,"featured_media":9972,"comment_status":"closed","ping_status":"closed","sticky":false,"template":"","format":"standard","meta":{"_eb_attr":"","footnotes":""},"categories":[93],"tags":[],"_links":{"self":[{"href":"https:\/\/informedesalud.com.do\/index.php?rest_route=\/wp\/v2\/posts\/9971"}],"collection":[{"href":"https:\/\/informedesalud.com.do\/index.php?rest_route=\/wp\/v2\/posts"}],"about":[{"href":"https:\/\/informedesalud.com.do\/index.php?rest_route=\/wp\/v2\/types\/post"}],"author":[{"embeddable":true,"href":"https:\/\/informedesalud.com.do\/index.php?rest_route=\/wp\/v2\/users\/1"}],"replies":[{"embeddable":true,"href":"https:\/\/informedesalud.com.do\/index.php?rest_route=%2Fwp%2Fv2%2Fcomments&post=9971"}],"version-history":[{"count":0,"href":"https:\/\/informedesalud.com.do\/index.php?rest_route=\/wp\/v2\/posts\/9971\/revisions"}],"wp:featuredmedia":[{"embeddable":true,"href":"https:\/\/informedesalud.com.do\/index.php?rest_route=\/wp\/v2\/media\/9972"}],"wp:attachment":[{"href":"https:\/\/informedesalud.com.do\/index.php?rest_route=%2Fwp%2Fv2%2Fmedia&parent=9971"}],"wp:term":[{"taxonomy":"category","embeddable":true,"href":"https:\/\/informedesalud.com.do\/index.php?rest_route=%2Fwp%2Fv2%2Fcategories&post=9971"},{"taxonomy":"post_tag","embeddable":true,"href":"https:\/\/informedesalud.com.do\/index.php?rest_route=%2Fwp%2Fv2%2Ftags&post=9971"}],"curies":[{"name":"wp","href":"https:\/\/api.w.org\/{rel}","templated":true}]}}