{"id":9969,"date":"2025-04-04T23:19:25","date_gmt":"2025-04-04T21:19:25","guid":{"rendered":"https:\/\/laconsultamedica.com.do\/?p=25196"},"modified":"2025-04-04T23:19:25","modified_gmt":"2025-04-04T21:19:25","slug":"ministerio-de-salud-notifica-cero-casos-de-malaria-en-la-semana-epidemiologica-12","status":"publish","type":"post","link":"https:\/\/informedesalud.com.do\/?p=9969","title":{"rendered":"Ministerio de Salud\u00a0 notifica cero casos de malaria en la semana epidemiol\u00f3gica 12"},"content":{"rendered":"<div><img decoding=\"async\" src=\"https:\/\/laconsultamedica.com.do\/wp-content\/uploads\/2025\/04\/IMG-20250404-WA0016.jpg\" class=\"ff-og-image-inserted\"><\/div>\n<p>Dengue, leptospirosis y otros padecimientos no registran notificaci\u00f3n* <\/p>\n<p>*Santo Domingo*-. La Direcci\u00f3n de Epidemiolog\u00eda (DIEPI) en su bolet\u00edn correspondiente a la Semana Epidemiol\u00f3gica N\u00famero 12, notifica cero casos de malaria esta semana. Precisa que el acumulado este a\u00f1o es de 87 casos, el 33.3 por ciento de los casos confirmados afect\u00f3 a adultos entre 20-29 a\u00f1os y la incidencia acumulada se coloca en 3.51 por 100,000 habitantes.<\/p>\n<p>Sobre el dengue DIEPI indica que en la presente Semana Epidemiol\u00f3gica no se confirman casos, el acumulado es de 37 casos confirmados este a\u00f1o. El 33.3 por ciento (7) afect\u00f3 las edades comprendida de 10-19 a\u00f1os, y el 57 por ciento (7) al sexo masculino. La incidencia acumulada de casos sospechosos es de 19.07 por cada 100,000 habitantes.<\/p>\n<p>Asimismo, permanecen en cero los casos de leptospirosis confirmados esta semana, el acumulado sigue siendo 19 casos confirmados, el 95 por ciento afecto al sexo masculino en las edades de 20-29 a\u00f1os y la incidencia acumulada de los casos sospechosos es de 4.76 por cada 100,000 habitantes.<\/p>\n<p>Esa dependencia tambi\u00e9n informa sobre la circulaci\u00f3n de varios virus respiratorios, incluidos Parainfluenza, SARS-CoV-2 y Adenovirus. Por esta raz\u00f3n el Ministerio de Salud P\u00fablica exhorta a mantener las medidas b\u00e1sicas como es el la lavado frecuente de manos, el uso de mascarillas en personas con s\u00edntomas gripales y acudir al centro de salud m\u00e1s cercano en caso de presentar fiebre o malestar general.<\/p>\n<p>Precisa que mantiene las estrategias de monitoreo y control de casos, mediante la vigilancia centinela y el an\u00e1lisis virol\u00f3gico, para permitir una detecci\u00f3n temprana o aumento de casos, garantizando una mayor protecci\u00f3n oportuna a la poblaci\u00f3n.<\/p>\n<p>En este mismo informe tambi\u00e9n se confirman 15 casos de infecci\u00f3n respiratoria aguda grave (IRAG), donde el 47 por ciento (7) afect\u00f3 a ni\u00f1os menores de 1 a\u00f1o, seguido del 33 por ciento (5) a menores de 1-4 a\u00f1os.<\/p>\n<p>*Muertes maternas e infantiles*<br \/>En la semana epidemiol\u00f3gica 12, se notificaron 3 muertes maternas, correspondientes a dos mujeres dominicanas y una de nacionalidad haitiana. El acumulado de casos es de 38 defunciones hasta esta semana epidemiol\u00f3gica, lo que representa una disminuci\u00f3n del 22.4 por ciento frente al a\u00f1o 2024, cuando se reportaban 49 defunciones a la misma fecha. <\/p>\n<p>Sobre muertes infantiles se notifican 21 defunciones esta semana, a la fecha el a\u00f1o anterior se hab\u00edan notificado 43 decesos, lo que refleja reducci\u00f3n del indicador. El acumulado es de 401 defunciones este a\u00f1o, en el 2024 a la misma fecha se notificaban 521.<\/p>\n<p>Al conmemorarse este 02 de abril el \u201cD\u00eda Mundial de Concienciaci\u00f3n sobre el Autismo\u201d el Ministerio de Salud, en el tema principal de su bolet\u00edn ofrece informaciones relevantes sobre el tema, al tiempo que exhorta a padres, madres y tutores a estar pendientes al desarrollo de sus v\u00e1stagos desde la primera infancia fin de diagnosticar oportunamente esta condici\u00f3n neurol\u00f3gica.<\/p>\n<p>Con una detecci\u00f3n temprana y diagn\u00f3stico oportuno, contribuye al progreso del ni\u00f1o, lo que marca una diferencia significativa en la vida de las personas con autismo y su familia.<\/p>\n<p>El MSP resalta la importancia de ofrecer los requerimientos necesarios para el desarrollo de los peque\u00f1os, que debe ser participativo en la familia y los diferentes espacios de la sociedad, adem\u00e1s de garantizar sus derechos como individuo.<\/p>\n","protected":false},"excerpt":{"rendered":"<p>Dengue, leptospirosis y otros padecimientos no registran notificaci\u00f3n* *Santo Domingo*-. La Direcci\u00f3n de Epidemiolog\u00eda (DIEPI) en su bolet\u00edn correspondiente a la Semana Epidemiol\u00f3gica N\u00famero 12, notifica cero casos de malaria esta semana. Precisa que el acumulado este a\u00f1o es de 87 casos, el 33.3 por ciento de los casos confirmados afect\u00f3 a adultos entre 20-29 [&hellip;]<\/p>\n","protected":false},"author":1,"featured_media":9970,"comment_status":"closed","ping_status":"closed","sticky":false,"template":"","format":"standard","meta":{"_eb_attr":"","footnotes":""},"categories":[93],"tags":[],"_links":{"self":[{"href":"https:\/\/informedesalud.com.do\/index.php?rest_route=\/wp\/v2\/posts\/9969"}],"collection":[{"href":"https:\/\/informedesalud.com.do\/index.php?rest_route=\/wp\/v2\/posts"}],"about":[{"href":"https:\/\/informedesalud.com.do\/index.php?rest_route=\/wp\/v2\/types\/post"}],"author":[{"embeddable":true,"href":"https:\/\/informedesalud.com.do\/index.php?rest_route=\/wp\/v2\/users\/1"}],"replies":[{"embeddable":true,"href":"https:\/\/informedesalud.com.do\/index.php?rest_route=%2Fwp%2Fv2%2Fcomments&post=9969"}],"version-history":[{"count":0,"href":"https:\/\/informedesalud.com.do\/index.php?rest_route=\/wp\/v2\/posts\/9969\/revisions"}],"wp:featuredmedia":[{"embeddable":true,"href":"https:\/\/informedesalud.com.do\/index.php?rest_route=\/wp\/v2\/media\/9970"}],"wp:attachment":[{"href":"https:\/\/informedesalud.com.do\/index.php?rest_route=%2Fwp%2Fv2%2Fmedia&parent=9969"}],"wp:term":[{"taxonomy":"category","embeddable":true,"href":"https:\/\/informedesalud.com.do\/index.php?rest_route=%2Fwp%2Fv2%2Fcategories&post=9969"},{"taxonomy":"post_tag","embeddable":true,"href":"https:\/\/informedesalud.com.do\/index.php?rest_route=%2Fwp%2Fv2%2Ftags&post=9969"}],"curies":[{"name":"wp","href":"https:\/\/api.w.org\/{rel}","templated":true}]}}