{"id":9967,"date":"2025-04-04T22:49:32","date_gmt":"2025-04-04T20:49:32","guid":{"rendered":"https:\/\/laconsultamedica.com.do\/?p=25181"},"modified":"2025-04-04T22:49:32","modified_gmt":"2025-04-04T20:49:32","slug":"rd-recibira-primer-fly-in-que-partira-directo-desde-feria-de-aviacion-sun-n-fun-en-ee-uu","status":"publish","type":"post","link":"https:\/\/informedesalud.com.do\/?p=9967","title":{"rendered":"RD recibir\u00e1 primer Fly In que partir\u00e1 directo desde feria de aviaci\u00f3n Sun N\u2019 Fun en EE. UU"},"content":{"rendered":"<div><img decoding=\"async\" src=\"https:\/\/laconsultamedica.com.do\/wp-content\/uploads\/2025\/04\/RD-1140x694-1.jpeg\" class=\"ff-og-image-inserted\"><\/div>\n<p>La Rep\u00fablica Dominicana recibir\u00e1 m\u00e1s de 10 aeronaves de la aviaci\u00f3n general, en el marco del primer Fly In Internacional del 2025 que partir\u00e1n de manera directa desde la feria de aviaci\u00f3n Sun N\u2019 Fun, en La Florida, considerada la segunda exposici\u00f3n aeroespacial m\u00e1s importante de los Estados Unidos.<\/p>\n<p>As\u00ed lo inform\u00f3 V\u00edctor Pichardo, director ejecutivo del Departamento Aeroportuario (DA), al momento de acordarlo en el evento de aviaci\u00f3n con Jim Parker, presidente de Caribbean Flying Adventures y reconocido promotor de la aviaci\u00f3n en los Estados Unidos.<\/p>\n<p>\u201cEsto es parte de los grandes esfuerzos que estamos realizando para desarrollar la aviaci\u00f3n privada no comercial en la Rep\u00fablica Dominicana, y que gracias a nuestro presidente Luis Abinader y al Ministro de Turismo, David Collado, hemos podido avanzar en la aplicaci\u00f3n del Protocolo de la Aviaci\u00f3n Privada No Comercial\u201d, se\u00f1al\u00f3 Pichardo.<\/p>\n<p>Este Flyn In, coordinado por Jim Parker, saldr\u00e1 de la feria el 8 de abril con destino a la provincia Puerto Plata, Rep\u00fablica Dominicana, donde los visitantes realizar\u00e1n tr\u00e1mites de Migraci\u00f3n y Aduanas, as\u00ed como repostaje de combustible, y continuar\u00e1n su ruta hacia el Aeropuerto Dom\u00e9stico Osvaldo Virgil, en Montecristi.<\/p>\n<p>\u201cLa Rep\u00fablica Dominicana es el destino n\u00famero uno en el Caribe para el turismo, vamos a trabajar juntos para avanzar en los vuelos privados tambi\u00e9n, es un destino muy diferente a Las Bahamas, porque ofrece monta\u00f1as, r\u00edos, playas y sobre todo, historia\u201d, asegur\u00f3 Parker.<\/p>\n<p>Este grupo de turistas de alto poder adquisitivo tiene previsto realizar excursiones y actividades tur\u00edsticas de disfrute de los recursos naturales hasta el 11 de abril, d\u00eda en que regresar\u00e1n a los EEUU.<\/p>\n<p>Al momento de su partida, desde ya se dispuso la apertura de operaciones internacionales limitadas en el aeropuerto dom\u00e9stico Osvaldo Virgil.<\/p>\n<p>Este tipo de encuentro de aviaci\u00f3n general cuenta con el apoyo permanente del Departamento Aeroportuario, sumado al esfuerzo conjunto p\u00fablico-privado, en los principales eventos internacionales de aviaci\u00f3n general.<\/p>\n<p>Esto se enmarca en una estrategia de promoci\u00f3n de la Rep\u00fablica Dominicana como el principal destino tur\u00edstico del Caribe insular para este tipo de aviaci\u00f3n, impulsando y diversificando el turismo del pa\u00eds, mediante inversiones, negocios y adquisici\u00f3n de propiedades, o para vacacionar, estimulando la competitividad de los destinos y atractivos tur\u00edsticos.<\/p>\n","protected":false},"excerpt":{"rendered":"<p>La Rep\u00fablica Dominicana recibir\u00e1 m\u00e1s de 10 aeronaves de la aviaci\u00f3n general, en el marco del primer Fly In Internacional del 2025 que partir\u00e1n de manera directa desde la feria de aviaci\u00f3n Sun N\u2019 Fun, en La Florida, considerada la segunda exposici\u00f3n aeroespacial m\u00e1s importante de los Estados Unidos. As\u00ed lo inform\u00f3 V\u00edctor Pichardo, director [&hellip;]<\/p>\n","protected":false},"author":1,"featured_media":9968,"comment_status":"closed","ping_status":"closed","sticky":false,"template":"","format":"standard","meta":{"_eb_attr":"","footnotes":""},"categories":[39],"tags":[],"_links":{"self":[{"href":"https:\/\/informedesalud.com.do\/index.php?rest_route=\/wp\/v2\/posts\/9967"}],"collection":[{"href":"https:\/\/informedesalud.com.do\/index.php?rest_route=\/wp\/v2\/posts"}],"about":[{"href":"https:\/\/informedesalud.com.do\/index.php?rest_route=\/wp\/v2\/types\/post"}],"author":[{"embeddable":true,"href":"https:\/\/informedesalud.com.do\/index.php?rest_route=\/wp\/v2\/users\/1"}],"replies":[{"embeddable":true,"href":"https:\/\/informedesalud.com.do\/index.php?rest_route=%2Fwp%2Fv2%2Fcomments&post=9967"}],"version-history":[{"count":0,"href":"https:\/\/informedesalud.com.do\/index.php?rest_route=\/wp\/v2\/posts\/9967\/revisions"}],"wp:featuredmedia":[{"embeddable":true,"href":"https:\/\/informedesalud.com.do\/index.php?rest_route=\/wp\/v2\/media\/9968"}],"wp:attachment":[{"href":"https:\/\/informedesalud.com.do\/index.php?rest_route=%2Fwp%2Fv2%2Fmedia&parent=9967"}],"wp:term":[{"taxonomy":"category","embeddable":true,"href":"https:\/\/informedesalud.com.do\/index.php?rest_route=%2Fwp%2Fv2%2Fcategories&post=9967"},{"taxonomy":"post_tag","embeddable":true,"href":"https:\/\/informedesalud.com.do\/index.php?rest_route=%2Fwp%2Fv2%2Ftags&post=9967"}],"curies":[{"name":"wp","href":"https:\/\/api.w.org\/{rel}","templated":true}]}}