{"id":9965,"date":"2025-04-03T17:44:46","date_gmt":"2025-04-03T15:44:46","guid":{"rendered":"https:\/\/laconsultamedica.com.do\/?p=25170"},"modified":"2025-04-03T17:44:46","modified_gmt":"2025-04-03T15:44:46","slug":"dgdc-fao-y-uasd-destacan-lucha-en-la-erradicacion-del-hambre","status":"publish","type":"post","link":"https:\/\/informedesalud.com.do\/?p=9965","title":{"rendered":"DGDC, FAO y UASD destacan lucha en la erradicaci\u00f3n del hambre"},"content":{"rendered":"<figure class=\"wp-block-image size-large\"><img fetchpriority=\"high\" fetchpriority=\"high\" decoding=\"async\" width=\"1024\" height=\"684\" src=\"https:\/\/laconsultamedica.com.do\/wp-content\/uploads\/2025\/04\/img-20250403-wa00285057744514053082504-1024x684.jpg\" alt class=\"wp-image-25165\" srcset=\"https:\/\/laconsultamedica.com.do\/wp-content\/uploads\/2025\/04\/img-20250403-wa00285057744514053082504-1024x684.jpg 1024w, https:\/\/laconsultamedica.com.do\/wp-content\/uploads\/2025\/04\/img-20250403-wa00285057744514053082504-300x200.jpg 300w, https:\/\/laconsultamedica.com.do\/wp-content\/uploads\/2025\/04\/img-20250403-wa00285057744514053082504-768x513.jpg 768w, https:\/\/laconsultamedica.com.do\/wp-content\/uploads\/2025\/04\/img-20250403-wa00285057744514053082504-1536x1026.jpg 1536w, https:\/\/laconsultamedica.com.do\/wp-content\/uploads\/2025\/04\/img-20250403-wa00285057744514053082504-750x501.jpg 750w, https:\/\/laconsultamedica.com.do\/wp-content\/uploads\/2025\/04\/img-20250403-wa00285057744514053082504-1140x762.jpg 1140w, https:\/\/laconsultamedica.com.do\/wp-content\/uploads\/2025\/04\/img-20250403-wa00285057744514053082504.jpg 1600w\" sizes=\"(max-width: 1024px) 100vw, 1024px\"><\/figure>\n<p>Las autoridades de la Direcci\u00f3n General de Desarrollo de la Comunidad (DGDC), la Organizaci\u00f3n de las Naciones Unidas para la Agricultura y la Alimentaci\u00f3n en Rep\u00fablica Dominicana (FAO) y la Universidad Aut\u00f3noma de Santo Domingo (UASD) realizaron un encuentro en el que destacaron la lucha en la erradicaci\u00f3n del hambre en el pa\u00eds.<\/p>\n<p>El representante de la Organizaci\u00f3n de las Naciones Unidas para la Agricultura y la Alimentaci\u00f3n en Rep\u00fablica Dominicana, Rodrigo Casta\u00f1eda Sep\u00falveda, en el marco de su conferencia sobre la erradicaci\u00f3n del hambre, se\u00f1al\u00f3 que este va en tendencia a la baja en el pa\u00eds.<\/p>\n<figure class=\"wp-block-image size-large\"><img decoding=\"async\" width=\"1024\" height=\"684\" src=\"https:\/\/laconsultamedica.com.do\/wp-content\/uploads\/2025\/04\/img-20250403-wa002993340972014991991-1024x684.jpg\" alt class=\"wp-image-25166\" srcset=\"https:\/\/laconsultamedica.com.do\/wp-content\/uploads\/2025\/04\/img-20250403-wa002993340972014991991-1024x684.jpg 1024w, https:\/\/laconsultamedica.com.do\/wp-content\/uploads\/2025\/04\/img-20250403-wa002993340972014991991-300x200.jpg 300w, https:\/\/laconsultamedica.com.do\/wp-content\/uploads\/2025\/04\/img-20250403-wa002993340972014991991-768x513.jpg 768w, https:\/\/laconsultamedica.com.do\/wp-content\/uploads\/2025\/04\/img-20250403-wa002993340972014991991-750x501.jpg 750w, https:\/\/laconsultamedica.com.do\/wp-content\/uploads\/2025\/04\/img-20250403-wa002993340972014991991-1140x761.jpg 1140w, https:\/\/laconsultamedica.com.do\/wp-content\/uploads\/2025\/04\/img-20250403-wa002993340972014991991.jpg 1280w\" sizes=\"(max-width: 1024px) 100vw, 1024px\"><\/figure>\n<p>\u201cEl pa\u00eds ha avanzado significativamente en la reducci\u00f3n del hambre, con una tendencia a la baja de alrededor del 4.6%. Rep\u00fablica Dominicana es un pa\u00eds que alimenta a 11 millones de turistas al a\u00f1o y cuya capacidad de producci\u00f3n est\u00e1 comprobada. El reto ahora es garantizar que los alimentos lleguen a las personas m\u00e1s vulnerables\u201d, destac\u00f3 el representante de la FAO, quien agreg\u00f3 que la Direcci\u00f3n General de Desarrollo de la Comunidad acerca las pol\u00edticas p\u00fablicas a los territorios.<\/p>\n<figure class=\"wp-block-image size-large\"><img decoding=\"async\" width=\"1024\" height=\"684\" src=\"https:\/\/laconsultamedica.com.do\/wp-content\/uploads\/2025\/04\/img-20250403-wa00308645700734905036399-1024x684.jpg\" alt class=\"wp-image-25167\" srcset=\"https:\/\/laconsultamedica.com.do\/wp-content\/uploads\/2025\/04\/img-20250403-wa00308645700734905036399-1024x684.jpg 1024w, https:\/\/laconsultamedica.com.do\/wp-content\/uploads\/2025\/04\/img-20250403-wa00308645700734905036399-300x200.jpg 300w, https:\/\/laconsultamedica.com.do\/wp-content\/uploads\/2025\/04\/img-20250403-wa00308645700734905036399-768x513.jpg 768w, https:\/\/laconsultamedica.com.do\/wp-content\/uploads\/2025\/04\/img-20250403-wa00308645700734905036399-750x501.jpg 750w, https:\/\/laconsultamedica.com.do\/wp-content\/uploads\/2025\/04\/img-20250403-wa00308645700734905036399-1140x761.jpg 1140w, https:\/\/laconsultamedica.com.do\/wp-content\/uploads\/2025\/04\/img-20250403-wa00308645700734905036399.jpg 1280w\" sizes=\"(max-width: 1024px) 100vw, 1024px\"><\/figure>\n<p>Mientras, el director general de Desarrollo de la Comunidad, Modesto Guzm\u00e1n, manifest\u00f3 que, desde la instituci\u00f3n, se da seguimiento en las comunidades vulnerables.<\/p>\n<p>\u00abDesde la Direcci\u00f3n General de Desarrollo de la Comunidad tenemos el compromiso de asistir, estar pendiente y dar seguimiento a la comunidades en situaciones vulnerables, este tema indiscutiblemente nos toca\u00bb, manifest\u00f3 el titular de la DGDC, en el evento que forma parte de las actividades desarrolladas con motivo del 63 aniversario de creaci\u00f3n de la instituci\u00f3n.<\/p>\n<p>Modesto Guzm\u00e1n resalt\u00f3 que \u00abla visi\u00f3n, impulsada por el presidente de la Rep\u00fablica, Luis Abinader, est\u00e1 enfocada en prestar servicios a las comunidades de menor ingreso\u00bb.<\/p>\n<figure class=\"wp-block-image size-large\"><img loading=\"lazy\" loading=\"lazy\" decoding=\"async\" width=\"1024\" height=\"684\" src=\"https:\/\/laconsultamedica.com.do\/wp-content\/uploads\/2025\/04\/img-20250403-wa00317880206907631981780-1024x684.jpg\" alt class=\"wp-image-25168\" srcset=\"https:\/\/laconsultamedica.com.do\/wp-content\/uploads\/2025\/04\/img-20250403-wa00317880206907631981780-1024x684.jpg 1024w, https:\/\/laconsultamedica.com.do\/wp-content\/uploads\/2025\/04\/img-20250403-wa00317880206907631981780-300x200.jpg 300w, https:\/\/laconsultamedica.com.do\/wp-content\/uploads\/2025\/04\/img-20250403-wa00317880206907631981780-768x513.jpg 768w, https:\/\/laconsultamedica.com.do\/wp-content\/uploads\/2025\/04\/img-20250403-wa00317880206907631981780-1536x1026.jpg 1536w, https:\/\/laconsultamedica.com.do\/wp-content\/uploads\/2025\/04\/img-20250403-wa00317880206907631981780-750x501.jpg 750w, https:\/\/laconsultamedica.com.do\/wp-content\/uploads\/2025\/04\/img-20250403-wa00317880206907631981780-1140x762.jpg 1140w, https:\/\/laconsultamedica.com.do\/wp-content\/uploads\/2025\/04\/img-20250403-wa00317880206907631981780.jpg 1600w\" sizes=\"(max-width: 1024px) 100vw, 1024px\"><\/figure>\n<p>La conferencia, titulada \u00abErradicaci\u00f3n del hambre y la seguridad alimentaria, un desaf\u00edo dominicano\u00bb, fue realizada en el Paraninfo del la Facultad de Ciencias Jur\u00eddicas y Pol\u00edticas de la Universidad Aut\u00f3noma de Santo Domingo (UASD), representada por el titular de la Direcci\u00f3n General de Relaciones Nacionales e Internacionales, Antonio Medina.<\/p>\n<figure class=\"wp-block-video\"><video controls src=\"https:\/\/laconsultamedica.com.do\/wp-content\/uploads\/2025\/04\/VID-20250403-WA0032.mp4\"><\/video><\/figure>\n","protected":false},"excerpt":{"rendered":"<p>Las autoridades de la Direcci\u00f3n General de Desarrollo de la Comunidad (DGDC), la Organizaci\u00f3n de las Naciones Unidas para la Agricultura y la Alimentaci\u00f3n en Rep\u00fablica Dominicana (FAO) y la Universidad Aut\u00f3noma de Santo Domingo (UASD) realizaron un encuentro en el que destacaron la lucha en la erradicaci\u00f3n del hambre en el pa\u00eds. El representante [&hellip;]<\/p>\n","protected":false},"author":1,"featured_media":9966,"comment_status":"closed","ping_status":"closed","sticky":false,"template":"","format":"standard","meta":{"_eb_attr":"","footnotes":""},"categories":[36],"tags":[],"_links":{"self":[{"href":"https:\/\/informedesalud.com.do\/index.php?rest_route=\/wp\/v2\/posts\/9965"}],"collection":[{"href":"https:\/\/informedesalud.com.do\/index.php?rest_route=\/wp\/v2\/posts"}],"about":[{"href":"https:\/\/informedesalud.com.do\/index.php?rest_route=\/wp\/v2\/types\/post"}],"author":[{"embeddable":true,"href":"https:\/\/informedesalud.com.do\/index.php?rest_route=\/wp\/v2\/users\/1"}],"replies":[{"embeddable":true,"href":"https:\/\/informedesalud.com.do\/index.php?rest_route=%2Fwp%2Fv2%2Fcomments&post=9965"}],"version-history":[{"count":0,"href":"https:\/\/informedesalud.com.do\/index.php?rest_route=\/wp\/v2\/posts\/9965\/revisions"}],"wp:featuredmedia":[{"embeddable":true,"href":"https:\/\/informedesalud.com.do\/index.php?rest_route=\/wp\/v2\/media\/9966"}],"wp:attachment":[{"href":"https:\/\/informedesalud.com.do\/index.php?rest_route=%2Fwp%2Fv2%2Fmedia&parent=9965"}],"wp:term":[{"taxonomy":"category","embeddable":true,"href":"https:\/\/informedesalud.com.do\/index.php?rest_route=%2Fwp%2Fv2%2Fcategories&post=9965"},{"taxonomy":"post_tag","embeddable":true,"href":"https:\/\/informedesalud.com.do\/index.php?rest_route=%2Fwp%2Fv2%2Ftags&post=9965"}],"curies":[{"name":"wp","href":"https:\/\/api.w.org\/{rel}","templated":true}]}}