{"id":9752,"date":"2025-03-18T08:34:58","date_gmt":"2025-03-18T07:34:58","guid":{"rendered":"https:\/\/laconsultamedica.com.do\/?p=24616"},"modified":"2025-03-18T08:34:58","modified_gmt":"2025-03-18T07:34:58","slug":"el-kremlin-confirma-planes-de-conversacion-telefonica-el-martes-entre-putin-y-trump","status":"publish","type":"post","link":"https:\/\/informedesalud.com.do\/?p=9752","title":{"rendered":"El Kremlin confirma planes de conversaci\u00f3n telef\u00f3nica el martes entre Putin y Trump"},"content":{"rendered":"<div><img decoding=\"async\" src=\"https:\/\/laconsultamedica.com.do\/wp-content\/uploads\/2025\/03\/image_editor_output_image1487846793-1742283335627.jpg\" class=\"ff-og-image-inserted\"><\/div>\n<p>El Kremlin confirm\u00f3 este lunes los planes de conversaci\u00f3n telef\u00f3nica este martes entre los presidentes ruso, Vlad\u00edmir Putin, y el estadounidense, Donald Trump.<\/p>\n<p>\u00abS\u00ed, efectivamente es as\u00ed. Para el martes se prepara dicha conversaci\u00f3n\u00bb, dijo Dmitri Peskov, portavoz presidencial, en su rueda de prensa telef\u00f3nica diaria.<\/p>\n<p>Peskov respondi\u00f3 as\u00ed a una pregunta sobre la afirmaci\u00f3n el domingo de Trump de que tiene intenci\u00f3n de hablar por tel\u00e9fono el 18 de marzo con su colega ruso.<\/p>\n<p>Putin se mostr\u00f3 la pasada semana dispuesto a abordar con Trump las dudas que le despierta la propuesta de tregua de 30 d\u00edas en Ucrania, que Kiev ya acept\u00f3.<\/p>\n<p>En respuesta la propuesta, asegur\u00f3 que Rusia apoya una tregua, pero ve muchos problemas en la aplicaci\u00f3n y verificaci\u00f3n de un alto el fuego, y a la hora de evitar que Kiev aproveche el respiro para reagruparse y rearmarse.<\/p>\n<p>Al respecto, Trump asegur\u00f3: \u00abCreo que estar\u00e1 de acuerdo. Realmente lo creo. Creo que le conozco bastante bien y que estar\u00e1 de acuerdo\u00bb.<\/p>\n<p>Si no lo acepta, a\u00f1adi\u00f3, ser\u00e1 una \u00abmala noticia para el mundo, porque est\u00e1 muriendo mucha gente\u00bb.<\/p>\n<p>Trump pidi\u00f3 a Putin que se apiadara de las tropas ucranianas que a\u00fan resisten en la regi\u00f3n rusa de Kursk, a lo que el l\u00edder ruso asegur\u00f3 que les perdonar\u00e1 la vida si deponen las armas y se entregan, aunque las consider\u00f3 \u00abterroristas\u00bb.<\/p>\n<p>Ambos mandatarios hablaron por primera vez el pasado 12 de febrero, conversaci\u00f3n en la que acordaron iniciar un proceso negociador para poner fin al conflicto en Ucrania<\/p>\n","protected":false},"excerpt":{"rendered":"<p>El Kremlin confirm\u00f3 este lunes los planes de conversaci\u00f3n telef\u00f3nica este martes entre los presidentes ruso, Vlad\u00edmir Putin, y el estadounidense, Donald Trump. \u00abS\u00ed, efectivamente es as\u00ed. Para el martes se prepara dicha conversaci\u00f3n\u00bb, dijo Dmitri Peskov, portavoz presidencial, en su rueda de prensa telef\u00f3nica diaria. Peskov respondi\u00f3 as\u00ed a una pregunta sobre la afirmaci\u00f3n [&hellip;]<\/p>\n","protected":false},"author":1,"featured_media":9753,"comment_status":"closed","ping_status":"closed","sticky":false,"template":"","format":"standard","meta":{"_eb_attr":"","footnotes":""},"categories":[37],"tags":[],"_links":{"self":[{"href":"https:\/\/informedesalud.com.do\/index.php?rest_route=\/wp\/v2\/posts\/9752"}],"collection":[{"href":"https:\/\/informedesalud.com.do\/index.php?rest_route=\/wp\/v2\/posts"}],"about":[{"href":"https:\/\/informedesalud.com.do\/index.php?rest_route=\/wp\/v2\/types\/post"}],"author":[{"embeddable":true,"href":"https:\/\/informedesalud.com.do\/index.php?rest_route=\/wp\/v2\/users\/1"}],"replies":[{"embeddable":true,"href":"https:\/\/informedesalud.com.do\/index.php?rest_route=%2Fwp%2Fv2%2Fcomments&post=9752"}],"version-history":[{"count":0,"href":"https:\/\/informedesalud.com.do\/index.php?rest_route=\/wp\/v2\/posts\/9752\/revisions"}],"wp:featuredmedia":[{"embeddable":true,"href":"https:\/\/informedesalud.com.do\/index.php?rest_route=\/wp\/v2\/media\/9753"}],"wp:attachment":[{"href":"https:\/\/informedesalud.com.do\/index.php?rest_route=%2Fwp%2Fv2%2Fmedia&parent=9752"}],"wp:term":[{"taxonomy":"category","embeddable":true,"href":"https:\/\/informedesalud.com.do\/index.php?rest_route=%2Fwp%2Fv2%2Fcategories&post=9752"},{"taxonomy":"post_tag","embeddable":true,"href":"https:\/\/informedesalud.com.do\/index.php?rest_route=%2Fwp%2Fv2%2Ftags&post=9752"}],"curies":[{"name":"wp","href":"https:\/\/api.w.org\/{rel}","templated":true}]}}