{"id":9750,"date":"2025-03-18T08:37:29","date_gmt":"2025-03-18T07:37:29","guid":{"rendered":"https:\/\/laconsultamedica.com.do\/?p=24619"},"modified":"2025-03-18T08:37:29","modified_gmt":"2025-03-18T07:37:29","slug":"el-papa-requiere-menos-flujo-de-oxigeno-en-su-terapia-despues-de-32-dias-hospitalizado","status":"publish","type":"post","link":"https:\/\/informedesalud.com.do\/?p=9750","title":{"rendered":"El papa requiere menos flujo de ox\u00edgeno en su terapia despu\u00e9s de 32 d\u00edas hospitalizado"},"content":{"rendered":"<div><img decoding=\"async\" src=\"https:\/\/laconsultamedica.com.do\/wp-content\/uploads\/2025\/03\/image_editor_output_image-1570252088-1742283459244.jpg\" class=\"ff-og-image-inserted\"><\/div>\n<p>CIUDAD DEL VATICANO.- El papa Francisco requiere un menor flujo de ox\u00edgeno en su terapia despu\u00e9s de 32 d\u00edas ingresado en el hospital Gemelli de Roma por sus problemas respiratorios y, para peque\u00f1os traslados, puede prescindir de las c\u00e1nulas nasales.<\/p>\n<p>Sus m\u00e9dicos han constatado \u00ableves mejor\u00edas\u00bb con la fisioterapia respiratoria y motora y su situaci\u00f3n sigue siendo \u00abestable\u00bb, seg\u00fan explican fuentes vaticanas.<\/p>\n<p>La Santa Sede public\u00f3 en la tarde del domingo la primera foto del pont\u00edfice argentino en el hospital, mientras concelebraba una misa en la capilla del apartamento privado de los papas en la d\u00e9cima planta del hospital Gemelli.<\/p>\n<p>En la imagen, Francisco no contaba con las c\u00e1nulas nasales con las que recibe ox\u00edgeno a altos flujos durante el d\u00eda (por la noche recurre a la ventilaci\u00f3n mec\u00e1nica no invasiva, a una m\u00e1scara).<\/p>\n<p>Las fuentes explicaron que, \u00abpor primera vez\u00bb, y muestra de dicha mejor\u00eda, el papa necesita flujos menores de ox\u00edgeno durante el d\u00eda y en \u00abpeque\u00f1os traslados\u00bb puede dejar de usar las c\u00e1nulas nasales.<\/p>\n<p>Para acudir a la capilla, por ejemplo, puede quit\u00e1rselas para retomar la oxigenaci\u00f3n mientras preside la misa.<\/p>\n<p>\u00abLos altos flujos de ox\u00edgeno contin\u00faan pero ahora hay una alternancia con niveles inferiores. Es la primera vez que no usa todo el tiempo altos flujos con c\u00e1nulas\u00bb, aseveraron.<\/p>\n<p>Adem\u00e1s, se est\u00e1 consiguiendo reducir la inflamaci\u00f3n que presentaba gracias a la fisioterapia motora.<\/p>\n<p>Francisco, de 88 a\u00f1os, est\u00e1 ingresado desde el 14 de febrero en el Gemelli a causa de una neumon\u00eda bilateral y, aunque ha pasado por cuatro crisis dif\u00edciles, en las \u00faltimas semanas ha experimentado una lenta y gradual mejor\u00eda, saliendo del \u00abpeligro inminente\u00bb.<\/p>\n<p>Debido a esta estabilidad, los m\u00e9dicos que le atienden han decidido no publicar un bolet\u00edn m\u00e9dico sobre su salud cada d\u00eda. El pr\u00f3ximo se espera para el martes o el mi\u00e9rcoles.<\/p>\n","protected":false},"excerpt":{"rendered":"<p>CIUDAD DEL VATICANO.- El papa Francisco requiere un menor flujo de ox\u00edgeno en su terapia despu\u00e9s de 32 d\u00edas ingresado en el hospital Gemelli de Roma por sus problemas respiratorios y, para peque\u00f1os traslados, puede prescindir de las c\u00e1nulas nasales. Sus m\u00e9dicos han constatado \u00ableves mejor\u00edas\u00bb con la fisioterapia respiratoria y motora y su situaci\u00f3n [&hellip;]<\/p>\n","protected":false},"author":1,"featured_media":9751,"comment_status":"closed","ping_status":"closed","sticky":false,"template":"","format":"standard","meta":{"_eb_attr":"","footnotes":""},"categories":[37],"tags":[],"_links":{"self":[{"href":"https:\/\/informedesalud.com.do\/index.php?rest_route=\/wp\/v2\/posts\/9750"}],"collection":[{"href":"https:\/\/informedesalud.com.do\/index.php?rest_route=\/wp\/v2\/posts"}],"about":[{"href":"https:\/\/informedesalud.com.do\/index.php?rest_route=\/wp\/v2\/types\/post"}],"author":[{"embeddable":true,"href":"https:\/\/informedesalud.com.do\/index.php?rest_route=\/wp\/v2\/users\/1"}],"replies":[{"embeddable":true,"href":"https:\/\/informedesalud.com.do\/index.php?rest_route=%2Fwp%2Fv2%2Fcomments&post=9750"}],"version-history":[{"count":0,"href":"https:\/\/informedesalud.com.do\/index.php?rest_route=\/wp\/v2\/posts\/9750\/revisions"}],"wp:featuredmedia":[{"embeddable":true,"href":"https:\/\/informedesalud.com.do\/index.php?rest_route=\/wp\/v2\/media\/9751"}],"wp:attachment":[{"href":"https:\/\/informedesalud.com.do\/index.php?rest_route=%2Fwp%2Fv2%2Fmedia&parent=9750"}],"wp:term":[{"taxonomy":"category","embeddable":true,"href":"https:\/\/informedesalud.com.do\/index.php?rest_route=%2Fwp%2Fv2%2Fcategories&post=9750"},{"taxonomy":"post_tag","embeddable":true,"href":"https:\/\/informedesalud.com.do\/index.php?rest_route=%2Fwp%2Fv2%2Ftags&post=9750"}],"curies":[{"name":"wp","href":"https:\/\/api.w.org\/{rel}","templated":true}]}}