{"id":9700,"date":"2025-03-12T16:47:13","date_gmt":"2025-03-12T15:47:13","guid":{"rendered":"https:\/\/laconsultamedica.com.do\/?p=24463"},"modified":"2025-03-12T16:47:13","modified_gmt":"2025-03-12T15:47:13","slug":"cronica-editorial-presenta-su-primer-libro","status":"publish","type":"post","link":"https:\/\/informedesalud.com.do\/?p=9700","title":{"rendered":"Cr\u00f3nica Editorial presenta su primer libro"},"content":{"rendered":"<div><img decoding=\"async\" src=\"https:\/\/laconsultamedica.com.do\/wp-content\/uploads\/2025\/03\/image_editor_output_image1136332413-1741794464880.jpg\" class=\"ff-og-image-inserted\"><\/div>\n<p>La obra, que es el segundo libro del periodista y escritor&nbsp; M\u00e1ximo Jim\u00e9nez, es una compilaci\u00f3n sobre el merengue<\/p>\n<p>Santo Domingo.- La Cr\u00f3nica Editorial se complace en anunciar el lanzamiento de \u201cMerengue: obra period\u00edstica en La Naci\u00f3n (1940-1965)\u201d, la segunda obra del escritor y periodista M\u00e1ximo Jim\u00e9nez. <\/p>\n<p>Este libro, que representa un valioso aporte a la bibliograf\u00eda musical de nuestro pa\u00eds, ser\u00e1 presentado al p\u00fablico el pr\u00f3ximo viernes 14 de marzo a las 6:30 de la tarde en la sala A\u00edda Bonnely de D\u00edaz del Teatro Nacional.<\/p>\n<p>\u201cMerengue: obra period\u00edstica en La Naci\u00f3n (1940-1965\u201d es una recopilaci\u00f3n exhaustiva de los art\u00edculos publicados por este emblem\u00e1tico diario durante un periodo crucial de la historia nacional dominicana. <\/p>\n<p>A trav\u00e9s de esta complicaci\u00f3n y edici\u00f3n que realiza Jim\u00e9nez ofrece una visi\u00f3n cr\u00edtica y profunda de la realidad social, pol\u00edtica y cultural de la \u00e9poca. La obra estimula al conocimiento de la evoluci\u00f3n de un ritmo ante los acontecimientos que marcaron el rumbo de la sociedad en esta \u00e9poca. <\/p>\n<p>\u201cEn el per\u00edodo de 1940 a 1965 en que circul\u00f3 La Naci\u00f3n sucedieron grandes cosas con el Merengue, as\u00ed con may\u00fascula. Se escribi\u00f3 parte de la historia vista a trav\u00e9s del lente de una \u00e9lite intelectual que, salvo excepciones, en la posteridad se ha mantenido al margen del debate\u201d, se\u00f1ala uno de los p\u00e1rrafos de la introducci\u00f3n que hace el autor de la obra que cuenta con 237 p\u00e1ginas. <\/p>\n<p>La obra se erige como un testimonio invaluable de un tiempo en el que las palabras ten\u00edan el poder de transformar, con el profundo compromiso de documentar el transcurrir de un g\u00e9nero musical que es parte de la identidad de los dominicanos.<\/p>\n<p>El lanzamiento contar\u00e1 con la presencia de personalidades del \u00e1mbito literario y period\u00edstico, quienes compartir\u00e1n sus reflexiones sobre la obra y su relevancia en el contexto actual. Adem\u00e1s, el autor realizar\u00e1 una firma de libros, brindando a los asistentes la oportunidad de interactuar con \u00e9l y adquirir una copia de esta obra \u00fanica. <\/p>\n<p>*M\u00e1s del autor M\u00e1ximo Jim\u00e9nez*<\/p>\n<p>Naci\u00f3 en Santo Domingo en 1972, periodista y cr\u00edtico musical. Autor de La gran Aventura de la bachata urbana (2018), publicado por la Editorial Funglode. Hizo el trabajo de investigaci\u00f3n, compilaci\u00f3n y edici\u00f3n de Tres d\u00e9cadas de historia: Premios Soberano y Acroarte, primer volumen con el que se instaur\u00f3 la Editorial Acroarte, y de Arte Nacional. Vol.: 1 (julio 1973 \u2013 enero 1974), del periodista Joseph C\u00e1ceres.&nbsp; Inici\u00f3 su carrera en el periodismo en 1997 en el peri\u00f3dico El Siglo. <br \/>Acumula una considerable obra como cr\u00edtico musical, escrita a su paso por los peri\u00f3dicos Diario Libre, El Caribe y durante el per\u00edodo que colabor\u00f3 en el List\u00edn Diario; as\u00ed como tambi\u00e9n en el diario digital Photonews.do, que actualmente es el semanario La Cr\u00f3nica, que se edita bajo su direcci\u00f3n.<\/p>\n<p>Colaborador habitual con textos especializados en m\u00fasica de la Revista Global y de La Lira, revista m\u00fasico-cultural que circula cada trimestre en Barranquilla, Colombia. Es tambi\u00e9n cr\u00edtico de cine con m\u00e1s de 20 a\u00f1os de trayectoria y jurado del Premio Globo de Oro. <\/p>\n<p>Presidente de la Asociaci\u00f3n de Cronistas de Arte (2011-2013), instituci\u00f3n que desde 1985 reconoce lo mejor del arte y la cultura con el Premio Soberano.<\/p>\n","protected":false},"excerpt":{"rendered":"<p>La obra, que es el segundo libro del periodista y escritor&nbsp; M\u00e1ximo Jim\u00e9nez, es una compilaci\u00f3n sobre el merengue Santo Domingo.- La Cr\u00f3nica Editorial se complace en anunciar el lanzamiento de \u201cMerengue: obra period\u00edstica en La Naci\u00f3n (1940-1965)\u201d, la segunda obra del escritor y periodista M\u00e1ximo Jim\u00e9nez. Este libro, que representa un valioso aporte a [&hellip;]<\/p>\n","protected":false},"author":1,"featured_media":9701,"comment_status":"closed","ping_status":"closed","sticky":false,"template":"","format":"standard","meta":{"_eb_attr":"","footnotes":""},"categories":[43],"tags":[],"_links":{"self":[{"href":"https:\/\/informedesalud.com.do\/index.php?rest_route=\/wp\/v2\/posts\/9700"}],"collection":[{"href":"https:\/\/informedesalud.com.do\/index.php?rest_route=\/wp\/v2\/posts"}],"about":[{"href":"https:\/\/informedesalud.com.do\/index.php?rest_route=\/wp\/v2\/types\/post"}],"author":[{"embeddable":true,"href":"https:\/\/informedesalud.com.do\/index.php?rest_route=\/wp\/v2\/users\/1"}],"replies":[{"embeddable":true,"href":"https:\/\/informedesalud.com.do\/index.php?rest_route=%2Fwp%2Fv2%2Fcomments&post=9700"}],"version-history":[{"count":0,"href":"https:\/\/informedesalud.com.do\/index.php?rest_route=\/wp\/v2\/posts\/9700\/revisions"}],"wp:featuredmedia":[{"embeddable":true,"href":"https:\/\/informedesalud.com.do\/index.php?rest_route=\/wp\/v2\/media\/9701"}],"wp:attachment":[{"href":"https:\/\/informedesalud.com.do\/index.php?rest_route=%2Fwp%2Fv2%2Fmedia&parent=9700"}],"wp:term":[{"taxonomy":"category","embeddable":true,"href":"https:\/\/informedesalud.com.do\/index.php?rest_route=%2Fwp%2Fv2%2Fcategories&post=9700"},{"taxonomy":"post_tag","embeddable":true,"href":"https:\/\/informedesalud.com.do\/index.php?rest_route=%2Fwp%2Fv2%2Ftags&post=9700"}],"curies":[{"name":"wp","href":"https:\/\/api.w.org\/{rel}","templated":true}]}}