{"id":9602,"date":"2025-03-03T10:22:21","date_gmt":"2025-03-03T09:22:21","guid":{"rendered":"https:\/\/laconsultamedica.com.do\/?p=24154"},"modified":"2025-03-03T10:22:21","modified_gmt":"2025-03-03T09:22:21","slug":"cuidar-sin-invalidar-fundacion-mapfre-invita-a-conferencia-gratuita-para-padres-tutores-y-docentes","status":"publish","type":"post","link":"https:\/\/informedesalud.com.do\/?p=9602","title":{"rendered":"Cuidar sin invalidar: Fundaci\u00f3n MAPFRE invita a conferencia gratuita para padres, tutores y docentes"},"content":{"rendered":"<div><img decoding=\"async\" src=\"https:\/\/laconsultamedica.com.do\/wp-content\/uploads\/2025\/03\/image_editor_output_image-565898283-1740993654131.png\" class=\"ff-og-image-inserted\"><\/div>\n<p>Santo Domingo, RD.- Con el objetivo de brindar herramientas clave para el acompa\u00f1amiento de adolescentes en su desarrollo emocional, Fundaci\u00f3n MAPFRE e Indotel, invitan a la conferencia \u201cCuidar sin invalidar\u201d, que ser\u00e1 impartida por el destacado psicoterapeuta, orientador educacional y autor Alejo Merker. El evento se llevar\u00e1 a cabo el martes 5 de marzo a las 6:30 p.m. en el Auditorio de la UNPHU, con entrada gratuita y dirigido a padres, tutores y docentes.<\/p>\n<p>Bajo el tema \u201cGesti\u00f3n emocional en la adolescencia: herramientas para adultos que acompa\u00f1an\u201d, la conferencia ofrecer\u00e1 estrategias para ayudar a los j\u00f3venes a regular sus emociones, elegir conductas adecuadas en momentos de riesgo y tomar mejores decisiones. <\/p>\n<p>En un mundo en constante cambio, comprender las particularidades del cerebro adolescente es fundamental para acompa\u00f1arlos en su proceso de crecimiento y desarrollo.<\/p>\n<p>Alejo Merker, reconocido por su labor en el campo de la psicoterapia y la educaci\u00f3n emocional, compartir\u00e1 conocimientos respaldados por las \u00faltimas investigaciones sobre el cerebro adolescente, destacando las diferencias clave entre el cerebro infantil, adolescente y adulto. Su enfoque proporcionar\u00e1 una \u201ccaja de herramientas\u201d indispensable para aquellos adultos que interact\u00faan diariamente con j\u00f3venes, ayud\u00e1ndolos a desarrollar habilidades de regulaci\u00f3n emocional y toma de decisiones responsables.<\/p>\n<p>Esta iniciativa se enmarca dentro del programa educativo \u201cControla tu Red\u201d, que desde 2022 impulsa Fundaci\u00f3n MAPFRE e Indotel, con la primera dama de la Rep\u00fablica, Raquel Arbaje como madrina, con el prop\u00f3sito de concienciar a los j\u00f3venes sobre el uso responsable y seguro de las tecnolog\u00edas de la informaci\u00f3n y la comunicaci\u00f3n (TIC). Adem\u00e1s, proporciona informaci\u00f3n y recursos a familias y docentes para prevenir el uso abusivo de las TIC y otros riesgos asociados al entorno digital.<\/p>\n<p>Para m\u00e1s informaci\u00f3n sobre esta conferencia gratuita, los interesados pueden visitar los canales oficiales de MAPFRE Rep\u00fablica Dominicana, comunicarse al 809-381-5999 o registrarse directamente a trav\u00e9s del siguiente enlace: https:\/\/forms.office.com\/pages\/responsepage.aspx?id=bcbGXLL_n0aThc2oQOV4NjSb6uiHxQ1NsnK-Sfq3hBNURE9WTTIzUlVMQ1ZGSkpWSkxZSjFaRDJZQy4u.<\/p>\n","protected":false},"excerpt":{"rendered":"<p>Santo Domingo, RD.- Con el objetivo de brindar herramientas clave para el acompa\u00f1amiento de adolescentes en su desarrollo emocional, Fundaci\u00f3n MAPFRE e Indotel, invitan a la conferencia \u201cCuidar sin invalidar\u201d, que ser\u00e1 impartida por el destacado psicoterapeuta, orientador educacional y autor Alejo Merker. El evento se llevar\u00e1 a cabo el martes 5 de marzo a [&hellip;]<\/p>\n","protected":false},"author":1,"featured_media":9603,"comment_status":"closed","ping_status":"closed","sticky":false,"template":"","format":"standard","meta":{"_eb_attr":"","footnotes":""},"categories":[93],"tags":[],"_links":{"self":[{"href":"https:\/\/informedesalud.com.do\/index.php?rest_route=\/wp\/v2\/posts\/9602"}],"collection":[{"href":"https:\/\/informedesalud.com.do\/index.php?rest_route=\/wp\/v2\/posts"}],"about":[{"href":"https:\/\/informedesalud.com.do\/index.php?rest_route=\/wp\/v2\/types\/post"}],"author":[{"embeddable":true,"href":"https:\/\/informedesalud.com.do\/index.php?rest_route=\/wp\/v2\/users\/1"}],"replies":[{"embeddable":true,"href":"https:\/\/informedesalud.com.do\/index.php?rest_route=%2Fwp%2Fv2%2Fcomments&post=9602"}],"version-history":[{"count":0,"href":"https:\/\/informedesalud.com.do\/index.php?rest_route=\/wp\/v2\/posts\/9602\/revisions"}],"wp:featuredmedia":[{"embeddable":true,"href":"https:\/\/informedesalud.com.do\/index.php?rest_route=\/wp\/v2\/media\/9603"}],"wp:attachment":[{"href":"https:\/\/informedesalud.com.do\/index.php?rest_route=%2Fwp%2Fv2%2Fmedia&parent=9602"}],"wp:term":[{"taxonomy":"category","embeddable":true,"href":"https:\/\/informedesalud.com.do\/index.php?rest_route=%2Fwp%2Fv2%2Fcategories&post=9602"},{"taxonomy":"post_tag","embeddable":true,"href":"https:\/\/informedesalud.com.do\/index.php?rest_route=%2Fwp%2Fv2%2Ftags&post=9602"}],"curies":[{"name":"wp","href":"https:\/\/api.w.org\/{rel}","templated":true}]}}