{"id":9598,"date":"2025-03-03T10:28:52","date_gmt":"2025-03-03T09:28:52","guid":{"rendered":"https:\/\/laconsultamedica.com.do\/?p=24162"},"modified":"2025-03-03T10:28:52","modified_gmt":"2025-03-03T09:28:52","slug":"educacion-entrega-ampliacion-de-la-escuela-basica-don-berto-abreu-en-santiago","status":"publish","type":"post","link":"https:\/\/informedesalud.com.do\/?p=9598","title":{"rendered":"Educaci\u00f3n entrega ampliaci\u00f3n de la Escuela B\u00e1sica Don Berto Abreu, en Santiago"},"content":{"rendered":"<div><img decoding=\"async\" src=\"https:\/\/laconsultamedica.com.do\/wp-content\/uploads\/2025\/03\/4c16c85e-3e83-432a-a44d-6435b917c88d-1.jpg\" class=\"ff-og-image-inserted\"><\/div>\n<p>Ministro De Camps destaca el compromiso del gobierno con la expansi\u00f3n y calidad educativa.<\/p>\n<p>Hato del Yaque, Santiago. \u2013 El Ministerio de Educaci\u00f3n de la Rep\u00fablica Dominicana (Minerd) inaugur\u00f3 este domingo la ampliaci\u00f3n del centro educativo de nivel Primario Don Berto Abreu, en el distrito municipal Hato del Yaque, provincia Santiago.<\/p>\n<p>Construido por la Direcci\u00f3n de Infraestructura Escolar del Minerd, el centro educativo beneficiar\u00e1 a 315 estudiantes y cuenta con ocho aulas est\u00e1ndar, un sal\u00f3n para nivel Inicial, biblioteca, cocina, comedor, plaza c\u00edvica y cancha deportiva.<\/p>\n<p>Durante el acto, la vicepresidenta de la Rep\u00fablica, Raquel Pe\u00f1a, asegur\u00f3 que con la inauguraci\u00f3n del nuevo plantel el Gobierno reafirma su compromiso con el futuro de los ni\u00f1os.<\/p>\n<p>Al encabezar su primera inauguraci\u00f3n de un centro educativo, el nuevo ministro de Educaci\u00f3n, Luis Miguel De Camps, plante\u00f3 que la apertura de cada nueva escuela representa un avance significativo hacia un futuro con mayores oportunidades para la ni\u00f1ez.<\/p>\n<p>Subray\u00f3 que la educaci\u00f3n es la inversi\u00f3n m\u00e1s valiosa para el pa\u00eds y reafirm\u00f3 su compromiso de trabajar con determinaci\u00f3n para garantizar una ense\u00f1anza de calidad en todas las aulas.<\/p>\n<p>\u201cEsta escuela no es solo un edificio, es un s\u00edmbolo de nuestro compromiso con la educaci\u00f3n. Aqu\u00ed se formar\u00e1n los ciudadanos del ma\u00f1ana, y es responsabilidad de todos: gobierno, maestros, familias y comunidad, asegurar que sea un espacio de aprendizaje, crecimiento y oportunidades reales para nuestros ni\u00f1os y ni\u00f1as\u201d, enfatiz\u00f3 el funcionario.<\/p>\n<p>De su lado, la directora del centro, Eugenia Dolores Pe\u00f1a Marte, expres\u00f3 gratitud por la materializaci\u00f3n de este proyecto y destac\u00f3 que esta nueva instituci\u00f3n simboliza un firme compromiso con la educaci\u00f3n de calidad.<\/p>\n<p>Pe\u00f1a Marte sostuvo que el centro educativo fomentar\u00e1 la curiosidad, la creatividad y el amor por el aprendizaje, tras asegurar que ser\u00e1 \u201cun espacio donde cada ni\u00f1o y ni\u00f1a se sienta valorado, respetado y empoderado para lograr grandes cosas\u201d.<\/p>\n<p>En representaci\u00f3n de los estudiantes, Yael Josu\u00e9 Henr\u00edquez, alumno de tercer grado, agradeci\u00f3 a las autoridades por la construcci\u00f3n del centro.<\/p>\n<p>\u201cHoy nos sentimos honrados y dignos de tener una mejor escuela, la que contribuye a una pr\u00f3spera educaci\u00f3n por y para la patria. Gracias a usted y a ese valiente equipo del Ministerio de Educaci\u00f3n tenemos un futuro mejor\u201d, asegur\u00f3.<\/p>\n<p>La inauguraci\u00f3n cont\u00f3 con la asistencia de la gobernadora de Santiago, Rosa Santos; el senador Daniel Rivera; el alcalde Ulises Rodr\u00edguez; el director municipal de Hato del Yaque, Ferm\u00edn Rojas Noes\u00ed; el exdirector de Infraestructura Escolar, Fernando Taveras; el director Regional 08, Pedro Marte, y el director distrital 08-05, Roberto Rosario.<\/p>\n","protected":false},"excerpt":{"rendered":"<p>Ministro De Camps destaca el compromiso del gobierno con la expansi\u00f3n y calidad educativa. Hato del Yaque, Santiago. \u2013 El Ministerio de Educaci\u00f3n de la Rep\u00fablica Dominicana (Minerd) inaugur\u00f3 este domingo la ampliaci\u00f3n del centro educativo de nivel Primario Don Berto Abreu, en el distrito municipal Hato del Yaque, provincia Santiago. Construido por la Direcci\u00f3n [&hellip;]<\/p>\n","protected":false},"author":1,"featured_media":9599,"comment_status":"closed","ping_status":"closed","sticky":false,"template":"","format":"standard","meta":{"_eb_attr":"","footnotes":""},"categories":[36],"tags":[],"_links":{"self":[{"href":"https:\/\/informedesalud.com.do\/index.php?rest_route=\/wp\/v2\/posts\/9598"}],"collection":[{"href":"https:\/\/informedesalud.com.do\/index.php?rest_route=\/wp\/v2\/posts"}],"about":[{"href":"https:\/\/informedesalud.com.do\/index.php?rest_route=\/wp\/v2\/types\/post"}],"author":[{"embeddable":true,"href":"https:\/\/informedesalud.com.do\/index.php?rest_route=\/wp\/v2\/users\/1"}],"replies":[{"embeddable":true,"href":"https:\/\/informedesalud.com.do\/index.php?rest_route=%2Fwp%2Fv2%2Fcomments&post=9598"}],"version-history":[{"count":0,"href":"https:\/\/informedesalud.com.do\/index.php?rest_route=\/wp\/v2\/posts\/9598\/revisions"}],"wp:featuredmedia":[{"embeddable":true,"href":"https:\/\/informedesalud.com.do\/index.php?rest_route=\/wp\/v2\/media\/9599"}],"wp:attachment":[{"href":"https:\/\/informedesalud.com.do\/index.php?rest_route=%2Fwp%2Fv2%2Fmedia&parent=9598"}],"wp:term":[{"taxonomy":"category","embeddable":true,"href":"https:\/\/informedesalud.com.do\/index.php?rest_route=%2Fwp%2Fv2%2Fcategories&post=9598"},{"taxonomy":"post_tag","embeddable":true,"href":"https:\/\/informedesalud.com.do\/index.php?rest_route=%2Fwp%2Fv2%2Ftags&post=9598"}],"curies":[{"name":"wp","href":"https:\/\/api.w.org\/{rel}","templated":true}]}}