{"id":9255,"date":"2025-01-30T09:52:11","date_gmt":"2025-01-30T08:52:11","guid":{"rendered":"https:\/\/laconsultamedica.com.do\/?p=23102"},"modified":"2025-01-30T09:52:11","modified_gmt":"2025-01-30T08:52:11","slug":"la-dgm-evalua-con-delegacion-del-bm-objetivos-proyecto-sobre-flujo-migratorio","status":"publish","type":"post","link":"https:\/\/informedesalud.com.do\/?p=9255","title":{"rendered":"La DGM eval\u00faa con delegaci\u00f3n del BM objetivos proyecto sobre flujo migratorio"},"content":{"rendered":"<p>SANTO DOMINGO.- El Director General de Migraci\u00f3n, Vicealmirante Luis Rafael Lee Ballester, ARD, y una representaci\u00f3n del Banco Mundial sostuvieron un encuentro para evaluar los objetivos del Proyecto de Respuesta Multisectorial a Flujos Migratorios y explorar la ampliaci\u00f3n de la cooperaci\u00f3n del organismo multinacional para el fortalecimiento de la DGM.<\/p>\n<p>El titular de la DGM explic\u00f3 que en la sesi\u00f3n de trabajo \u201cse estuvo explorando ampliar la cooperaci\u00f3n a trav\u00e9s del incremento del presupuesto para apoyar a nuestra instituci\u00f3n en el desarrollo de capacidades y de acciones que contribuyan al fortalecimiento institucional mediante la mejora y documentaci\u00f3n de procesos vinculados al control y al flujo migratorio en la Rep\u00fablica Dominicana\u201d.<\/p>\n<figure class=\"wp-block-image size-large\"><img fetchpriority=\"high\" fetchpriority=\"high\" decoding=\"async\" width=\"1024\" height=\"687\" src=\"https:\/\/laconsultamedica.com.do\/wp-content\/uploads\/2025\/01\/screenshot_20250130-045023_galeria6458272049822105830-1024x687.jpg\" alt class=\"wp-image-23101\" srcset=\"https:\/\/laconsultamedica.com.do\/wp-content\/uploads\/2025\/01\/screenshot_20250130-045023_galeria6458272049822105830-1024x687.jpg 1024w, https:\/\/laconsultamedica.com.do\/wp-content\/uploads\/2025\/01\/screenshot_20250130-045023_galeria6458272049822105830-300x201.jpg 300w, https:\/\/laconsultamedica.com.do\/wp-content\/uploads\/2025\/01\/screenshot_20250130-045023_galeria6458272049822105830-768x516.jpg 768w, https:\/\/laconsultamedica.com.do\/wp-content\/uploads\/2025\/01\/screenshot_20250130-045023_galeria6458272049822105830-750x503.jpg 750w, https:\/\/laconsultamedica.com.do\/wp-content\/uploads\/2025\/01\/screenshot_20250130-045023_galeria6458272049822105830-1140x765.jpg 1140w, https:\/\/laconsultamedica.com.do\/wp-content\/uploads\/2025\/01\/screenshot_20250130-045023_galeria6458272049822105830.jpg 1220w\" sizes=\"(max-width: 1024px) 100vw, 1024px\"><\/figure>\n<p>La reuni\u00f3n se inscribe en las iniciativas del organismo responsable de ordenar y regular la movilidad de extranjeros en el pa\u00eds para fortalecer la cooperaci\u00f3n interinstitucional y continuar modernizando la gesti\u00f3n de los procesos. Entre estos objetivos est\u00e1 aumentar las capacidades tecnol\u00f3gicas para duplicar el volumen de almacenamiento de la data que se produce a consecuencia del flujo migratorio.<\/p>\n<p>Por el Banco Mundial participaron Ana Aguilera, gerente del proyecto, y Sandra Lara, directora de cooperaci\u00f3n multilateral.<\/p>\n<p>Tambi\u00e9n estuvieron Wilfredo Lozano y Adria de la Cruz, director ejecutivo y coordinadora de Proyectos del Instituto Nacional de Migraci\u00f3n de Rep\u00fablica Dominicana, respectivamente; y Casimira Guerrero, encargada de Seguimiento del Ministerio de Econom\u00eda, Planificaci\u00f3n y Desarrollo.<\/p>\n<p>El Vicealmirante Lee Ballester estuvo acompa\u00f1ado por el Contralmirante Juan Gilberto N\u00fa\u00f1ez, ARD, director de Control Migratorio; Laura Mar\u00ed\u00f1ez, directora Jur\u00eddica; y el Capit\u00e1n de Fragata Esteban Gonz\u00e1lez, ARD, asistente del Director General.<\/p>\n","protected":false},"excerpt":{"rendered":"<p>SANTO DOMINGO.- El Director General de Migraci\u00f3n, Vicealmirante Luis Rafael Lee Ballester, ARD, y una representaci\u00f3n del Banco Mundial sostuvieron un encuentro para evaluar los objetivos del Proyecto de Respuesta Multisectorial a Flujos Migratorios y explorar la ampliaci\u00f3n de la cooperaci\u00f3n del organismo multinacional para el fortalecimiento de la DGM. El titular de la DGM [&hellip;]<\/p>\n","protected":false},"author":1,"featured_media":9256,"comment_status":"closed","ping_status":"closed","sticky":false,"template":"","format":"standard","meta":{"_eb_attr":"","footnotes":""},"categories":[36],"tags":[],"_links":{"self":[{"href":"https:\/\/informedesalud.com.do\/index.php?rest_route=\/wp\/v2\/posts\/9255"}],"collection":[{"href":"https:\/\/informedesalud.com.do\/index.php?rest_route=\/wp\/v2\/posts"}],"about":[{"href":"https:\/\/informedesalud.com.do\/index.php?rest_route=\/wp\/v2\/types\/post"}],"author":[{"embeddable":true,"href":"https:\/\/informedesalud.com.do\/index.php?rest_route=\/wp\/v2\/users\/1"}],"replies":[{"embeddable":true,"href":"https:\/\/informedesalud.com.do\/index.php?rest_route=%2Fwp%2Fv2%2Fcomments&post=9255"}],"version-history":[{"count":0,"href":"https:\/\/informedesalud.com.do\/index.php?rest_route=\/wp\/v2\/posts\/9255\/revisions"}],"wp:featuredmedia":[{"embeddable":true,"href":"https:\/\/informedesalud.com.do\/index.php?rest_route=\/wp\/v2\/media\/9256"}],"wp:attachment":[{"href":"https:\/\/informedesalud.com.do\/index.php?rest_route=%2Fwp%2Fv2%2Fmedia&parent=9255"}],"wp:term":[{"taxonomy":"category","embeddable":true,"href":"https:\/\/informedesalud.com.do\/index.php?rest_route=%2Fwp%2Fv2%2Fcategories&post=9255"},{"taxonomy":"post_tag","embeddable":true,"href":"https:\/\/informedesalud.com.do\/index.php?rest_route=%2Fwp%2Fv2%2Ftags&post=9255"}],"curies":[{"name":"wp","href":"https:\/\/api.w.org\/{rel}","templated":true}]}}