{"id":9010,"date":"2025-01-09T13:56:19","date_gmt":"2025-01-09T12:56:19","guid":{"rendered":"https:\/\/laconsultamedica.com.do\/?p=22482"},"modified":"2025-01-09T13:56:19","modified_gmt":"2025-01-09T12:56:19","slug":"jce-recibira-propuestas-para-impresion-de-nueva-cedula-a-finales-de-febrero","status":"publish","type":"post","link":"https:\/\/informedesalud.com.do\/?p=9010","title":{"rendered":"JCE recibir\u00e1 propuestas para impresi\u00f3n de nueva c\u00e9dula a finales de febrero"},"content":{"rendered":"<div><img decoding=\"async\" src=\"https:\/\/laconsultamedica.com.do\/wp-content\/uploads\/2025\/01\/650c3b6065505.jpeg\" class=\"ff-og-image-inserted\"><\/div>\n<p>El pr\u00f3ximo 25 de febrero, la Junta Central Electoral (JCE) realizar\u00e1 el acto de recepci\u00f3n y apertura de credenciales, propuestas t\u00e9cnicas y econ\u00f3micas para la contrataci\u00f3n de la empresa que se encargar\u00e1 de suplir los equipos, materiales y servicios para la impresi\u00f3n de la nueva c\u00e9dula de identidad y electoral.<\/p>\n<p>A trav\u00e9s de una carta,dirigida al presidente de la JCE, Rom\u00e1n Andr\u00e9s J\u00e1quez Liranzo y a los miembros titulares del pleno, el Comit\u00e9 de Compras y Contrataciones P\u00fablicas del \u00f3rgano electoral detall\u00f3 el cronograma de actividades relacionadas a la Licitaci\u00f3n P\u00fablica Internacional, cuyo c\u00f3digo de referencia es JCE-CCC- LP1-2024-000.<\/p>\n<p>Las propuestas de los oferentes ser\u00e1n recibidas en el auditorio del \u00f3rgano electoral.<\/p>\n<p>Luego de la apertura de la oferta t\u00e9cnica, la instituci\u00f3n indic\u00f3 que seguir\u00e1 la \u201cprueba de concepto\u201d, en la que se conceder\u00e1n 15 d\u00edas h\u00e1biles, \u201cquedando el comienzo de la primera, una diaria, fijada para el d\u00eda 19 de marzo\u201d.<\/p>\n<p>El pasado 20 de diciembre de 2024, el comit\u00e9 notific\u00f3 a las empresas inscritas lo relativo al proceso, mediante el oficio CCC-351\/2024, seg\u00fan deja constar la misiva firmada por Luis Mora Guzm\u00e1n. <\/p>\n<p>Por igual, indicaron que les suministraron todas las informaciones correspondientes a la Comisi\u00f3n T\u00e9cnica, a trav\u00e9s de Ceira Merejo, gerente del proyecto.<\/p>\n<p>La JCE explic\u00f3 que los plazos se realizaron de acuerdo a lo que establece la Ley de Contrataciones P\u00fablicas y el Reglamento Interno Sobre Compras y Contrataciones, as\u00ed como tambi\u00e9n a la sugerencia de algunos de los inscritos que \u201csolicitaron el plazo para la apertura y recepci\u00f3n de documentos, no menor de 40 d\u00edas luego de la culminaci\u00f3n del plazo de preguntas y respuestas, a los fines de preparar sus propuestas\u201d.<\/p>\n<p>El inicio del proceso de renovaci\u00f3n de la c\u00e9dula de identidad y Electoral, estaba previsto para comenzar el 17 de agosto de 2024, sin embargo, mediante la resoluci\u00f3n 49-2024, la JCE indic\u00f3 que el comienzo de proceso de renovaci\u00f3n ser\u00eda iniciado en una nueva fecha y que lo anunciar\u00edan oportunamente.<\/p>\n","protected":false},"excerpt":{"rendered":"<p>El pr\u00f3ximo 25 de febrero, la Junta Central Electoral (JCE) realizar\u00e1 el acto de recepci\u00f3n y apertura de credenciales, propuestas t\u00e9cnicas y econ\u00f3micas para la contrataci\u00f3n de la empresa que se encargar\u00e1 de suplir los equipos, materiales y servicios para la impresi\u00f3n de la nueva c\u00e9dula de identidad y electoral. A trav\u00e9s de una carta,dirigida [&hellip;]<\/p>\n","protected":false},"author":1,"featured_media":9011,"comment_status":"closed","ping_status":"closed","sticky":false,"template":"","format":"standard","meta":{"_eb_attr":"","footnotes":""},"categories":[36],"tags":[],"_links":{"self":[{"href":"https:\/\/informedesalud.com.do\/index.php?rest_route=\/wp\/v2\/posts\/9010"}],"collection":[{"href":"https:\/\/informedesalud.com.do\/index.php?rest_route=\/wp\/v2\/posts"}],"about":[{"href":"https:\/\/informedesalud.com.do\/index.php?rest_route=\/wp\/v2\/types\/post"}],"author":[{"embeddable":true,"href":"https:\/\/informedesalud.com.do\/index.php?rest_route=\/wp\/v2\/users\/1"}],"replies":[{"embeddable":true,"href":"https:\/\/informedesalud.com.do\/index.php?rest_route=%2Fwp%2Fv2%2Fcomments&post=9010"}],"version-history":[{"count":0,"href":"https:\/\/informedesalud.com.do\/index.php?rest_route=\/wp\/v2\/posts\/9010\/revisions"}],"wp:featuredmedia":[{"embeddable":true,"href":"https:\/\/informedesalud.com.do\/index.php?rest_route=\/wp\/v2\/media\/9011"}],"wp:attachment":[{"href":"https:\/\/informedesalud.com.do\/index.php?rest_route=%2Fwp%2Fv2%2Fmedia&parent=9010"}],"wp:term":[{"taxonomy":"category","embeddable":true,"href":"https:\/\/informedesalud.com.do\/index.php?rest_route=%2Fwp%2Fv2%2Fcategories&post=9010"},{"taxonomy":"post_tag","embeddable":true,"href":"https:\/\/informedesalud.com.do\/index.php?rest_route=%2Fwp%2Fv2%2Ftags&post=9010"}],"curies":[{"name":"wp","href":"https:\/\/api.w.org\/{rel}","templated":true}]}}