{"id":8960,"date":"2025-01-02T08:11:43","date_gmt":"2025-01-02T07:11:43","guid":{"rendered":"https:\/\/laconsultamedica.com.do\/?p=22322"},"modified":"2025-01-02T08:11:43","modified_gmt":"2025-01-02T07:11:43","slug":"fallece-leo-dan-el-icono-de-la-musica-latina-a-los-82-anos","status":"publish","type":"post","link":"https:\/\/informedesalud.com.do\/?p=8960","title":{"rendered":"Fallece Leo Dan, el \u00edcono de la m\u00fasica latina, a los 82 a\u00f1os"},"content":{"rendered":"<div><img decoding=\"async\" src=\"https:\/\/laconsultamedica.com.do\/wp-content\/uploads\/2025\/01\/fallece-leo-dan-el-icono-de-la-musica-latina-focus-0.23-0.44-375-240.jpg\" class=\"ff-og-image-inserted\"><\/div>\n<p>El reconocido cantante argentino Leo Dan, considerado uno de los grandes fen\u00f3menos de la m\u00fasica latinoamericana, falleci\u00f3 este mi\u00e9rcoles a los 82 a\u00f1os. La noticia fue confirmada por allegados del artista a trav\u00e9s de sus redes sociales, donde se comparti\u00f3 un emotivo mensaje de despedida.<\/p>\n<p>\u201cEsta ma\u00f1ana nuestro amado Leo Dan dej\u00f3 su cuerpo en paz y junto al amor de su familia. As\u00ed, volvi\u00f3 a la luz pura de su Padre Celestial, para guiarnos y cuidarnos desde el infinito\u201d, expres\u00f3 el comunicado oficial sobre el deceso de Leopoldo Dante Tevez, su nombre real.<\/p>\n<p>El legado de Leo Dan, quien alcanz\u00f3 la fama en toda Am\u00e9rica Latina, comenz\u00f3 a forjarse desde joven en su Santiago del Estero natal.<\/p>\n<p>Con su talento, logr\u00f3 trascender g\u00e9neros como el folklore y el rock, y se convirti\u00f3 en uno de los artistas m\u00e1s queridos y respetados en la regi\u00f3n.<\/p>\n<p>Su carrera despeg\u00f3 a nivel internacional despu\u00e9s de ser descubierto por CBS en Buenos Aires, cuando ten\u00eda solo 17 a\u00f1os, y su \u00e9xito fue inmediato con canciones como \u201cCelia\u201d.<\/p>\n<p>A lo largo de su carrera, Leo Dan dej\u00f3 una huella imborrable, sobre todo en M\u00e9xico, donde vivi\u00f3 una d\u00e9cada y se sinti\u00f3 parte de su cultura.<\/p>\n<p>Canciones como \u201cC\u00f3mo te extra\u00f1o, mi amor\u201d lo convirtieron en una figura emblem\u00e1tica en el \u00e1mbito musical, y muchos incluso lo consideraban mexicano debido a su gran relaci\u00f3n con ese pa\u00eds.<\/p>\n<p>El artista hab\u00eda anunciado su retiro definitivo de los escenarios en enero de 2024, y su gira de despedida contemplaba presentaciones en Las Vegas y Arizona, previstas para el pr\u00f3ximo mes. Sin embargo, su partida se ha producido en el inicio de un nuevo a\u00f1o, dejando una profunda tristeza en todos sus seguidores y en el mundo de la m\u00fasica.<\/p>\n<p>Legado<br \/>\u201cCon mucha paz en el coraz\u00f3n, recordamos y sentimos su profundo amor\u2026 por siempre\u201d, concluy\u00f3 el comunicado de despedida, que tambi\u00e9n incluy\u00f3 una cita b\u00edblica en honor a su memoria. La m\u00fasica de Leo Dan perdurar\u00e1 como testimonio de su brillante carrera y su influencia en generaciones de amantes de la m\u00fasica latina.<\/p>\n","protected":false},"excerpt":{"rendered":"<p>El reconocido cantante argentino Leo Dan, considerado uno de los grandes fen\u00f3menos de la m\u00fasica latinoamericana, falleci\u00f3 este mi\u00e9rcoles a los 82 a\u00f1os. La noticia fue confirmada por allegados del artista a trav\u00e9s de sus redes sociales, donde se comparti\u00f3 un emotivo mensaje de despedida. \u201cEsta ma\u00f1ana nuestro amado Leo Dan dej\u00f3 su cuerpo en [&hellip;]<\/p>\n","protected":false},"author":1,"featured_media":8961,"comment_status":"closed","ping_status":"closed","sticky":false,"template":"","format":"standard","meta":{"_eb_attr":"","footnotes":""},"categories":[37],"tags":[],"_links":{"self":[{"href":"https:\/\/informedesalud.com.do\/index.php?rest_route=\/wp\/v2\/posts\/8960"}],"collection":[{"href":"https:\/\/informedesalud.com.do\/index.php?rest_route=\/wp\/v2\/posts"}],"about":[{"href":"https:\/\/informedesalud.com.do\/index.php?rest_route=\/wp\/v2\/types\/post"}],"author":[{"embeddable":true,"href":"https:\/\/informedesalud.com.do\/index.php?rest_route=\/wp\/v2\/users\/1"}],"replies":[{"embeddable":true,"href":"https:\/\/informedesalud.com.do\/index.php?rest_route=%2Fwp%2Fv2%2Fcomments&post=8960"}],"version-history":[{"count":0,"href":"https:\/\/informedesalud.com.do\/index.php?rest_route=\/wp\/v2\/posts\/8960\/revisions"}],"wp:featuredmedia":[{"embeddable":true,"href":"https:\/\/informedesalud.com.do\/index.php?rest_route=\/wp\/v2\/media\/8961"}],"wp:attachment":[{"href":"https:\/\/informedesalud.com.do\/index.php?rest_route=%2Fwp%2Fv2%2Fmedia&parent=8960"}],"wp:term":[{"taxonomy":"category","embeddable":true,"href":"https:\/\/informedesalud.com.do\/index.php?rest_route=%2Fwp%2Fv2%2Fcategories&post=8960"},{"taxonomy":"post_tag","embeddable":true,"href":"https:\/\/informedesalud.com.do\/index.php?rest_route=%2Fwp%2Fv2%2Ftags&post=8960"}],"curies":[{"name":"wp","href":"https:\/\/api.w.org\/{rel}","templated":true}]}}