{"id":8954,"date":"2024-12-31T10:30:48","date_gmt":"2024-12-31T09:30:48","guid":{"rendered":"https:\/\/laconsultamedica.com.do\/?p=22312"},"modified":"2024-12-31T10:30:48","modified_gmt":"2024-12-31T09:30:48","slug":"desarrollo-de-la-comunidad-entrega-parque-remozado-en-cancino-sde","status":"publish","type":"post","link":"https:\/\/informedesalud.com.do\/?p=8954","title":{"rendered":"Desarrollo de la Comunidad entrega parque remozado en Cancino, SDE"},"content":{"rendered":"<p>El titular de la Direcci\u00f3n General de Desarrollo de la Comunidad, Modesto Guzm\u00e1n, entreg\u00f3 remozado el parque Cancino Adentro ubicado en el sector que lleva el mismo nombre en el municipio Santo Domingo Este.<\/p>\n<p>El director de Desarrollo de la Comunidad manifest\u00f3 su satisfacci\u00f3n por la entrega del espacio de recreaci\u00f3n para toda la familia residente en la demarcaci\u00f3n; obra solicitada por el patronato que vela por el parque.<\/p>\n<p>\u201cMe siento muy satisfecho, la idea es seguir apoy\u00e1ndoles; valoramos la gesti\u00f3n de los comunitarios, ya que son los que saben con precisi\u00f3n lo que necesita la comunidad\u201d, dijo el titular de la DGDC. <\/p>\n<figure class=\"wp-block-image size-large\"><img fetchpriority=\"high\" fetchpriority=\"high\" decoding=\"async\" width=\"1024\" height=\"653\" src=\"https:\/\/laconsultamedica.com.do\/wp-content\/uploads\/2024\/12\/img-20241231-wa0008316111932619233969-1024x653.jpg\" alt class=\"wp-image-22310\" srcset=\"https:\/\/laconsultamedica.com.do\/wp-content\/uploads\/2024\/12\/img-20241231-wa0008316111932619233969-1024x653.jpg 1024w, https:\/\/laconsultamedica.com.do\/wp-content\/uploads\/2024\/12\/img-20241231-wa0008316111932619233969-300x191.jpg 300w, https:\/\/laconsultamedica.com.do\/wp-content\/uploads\/2024\/12\/img-20241231-wa0008316111932619233969-768x490.jpg 768w, https:\/\/laconsultamedica.com.do\/wp-content\/uploads\/2024\/12\/img-20241231-wa0008316111932619233969-750x478.jpg 750w, https:\/\/laconsultamedica.com.do\/wp-content\/uploads\/2024\/12\/img-20241231-wa0008316111932619233969-1140x727.jpg 1140w, https:\/\/laconsultamedica.com.do\/wp-content\/uploads\/2024\/12\/img-20241231-wa0008316111932619233969.jpg 1270w\" sizes=\"(max-width: 1024px) 100vw, 1024px\"><\/figure>\n<p>El incumbente destac\u00f3 el amor y la pasi\u00f3n de los comunitarios con respecto a la b\u00fasqueda de soluciones a las dificultades de las distintas demarcaciones.<\/p>\n<p>Mientras, representantes de la comunidad, entre ellos, el presidente del Patronato de Cancino Adentro, H\u00e9ctor Ramos, y la minialcaldesa, Kathy Feliz, destacaron que las acciones del director de Desarrollo de la Comunidad son dignas de admirar, ya que demuestran un compromiso con el bienestar de la gente.<\/p>\n<p>Modesto Guzm\u00e1n, tambi\u00e9n visit\u00f3 la Cancha Deportiva Cancino Adentro, donde anunci\u00f3 que apoyar\u00e1 con la adquisici\u00f3n del uniforme de los jugadores y con la readecuaci\u00f3n e iluminaci\u00f3n del espacio f\u00edsico. El funcionario se comprometi\u00f3, adem\u00e1s, en resolver otras problematicas de la comunidad.<\/p>\n<p>La Direcci\u00f3n General de Desarrollo de la Comunidad es una instituci\u00f3n, dependencia del Ministerio de la Presidencia, que presta servicios a las comunidades de menores ingresos e implementa estrategias de coordinaci\u00f3n entre las distintas organizaciones para lograr el m\u00e1ximo de eficiencia y de aprovechamiento de los recursos econ\u00f3micos y humanos destinados al sector comunitario.<\/p>\n<figure class=\"wp-block-video\"><video controls src=\"https:\/\/laconsultamedica.com.do\/wp-content\/uploads\/2024\/12\/VID-20241231-WA0009.mp4\"><\/video><\/figure>\n","protected":false},"excerpt":{"rendered":"<p>El titular de la Direcci\u00f3n General de Desarrollo de la Comunidad, Modesto Guzm\u00e1n, entreg\u00f3 remozado el parque Cancino Adentro ubicado en el sector que lleva el mismo nombre en el municipio Santo Domingo Este. El director de Desarrollo de la Comunidad manifest\u00f3 su satisfacci\u00f3n por la entrega del espacio de recreaci\u00f3n para toda la familia [&hellip;]<\/p>\n","protected":false},"author":1,"featured_media":8955,"comment_status":"closed","ping_status":"closed","sticky":false,"template":"","format":"standard","meta":{"_eb_attr":"","footnotes":""},"categories":[36],"tags":[],"_links":{"self":[{"href":"https:\/\/informedesalud.com.do\/index.php?rest_route=\/wp\/v2\/posts\/8954"}],"collection":[{"href":"https:\/\/informedesalud.com.do\/index.php?rest_route=\/wp\/v2\/posts"}],"about":[{"href":"https:\/\/informedesalud.com.do\/index.php?rest_route=\/wp\/v2\/types\/post"}],"author":[{"embeddable":true,"href":"https:\/\/informedesalud.com.do\/index.php?rest_route=\/wp\/v2\/users\/1"}],"replies":[{"embeddable":true,"href":"https:\/\/informedesalud.com.do\/index.php?rest_route=%2Fwp%2Fv2%2Fcomments&post=8954"}],"version-history":[{"count":0,"href":"https:\/\/informedesalud.com.do\/index.php?rest_route=\/wp\/v2\/posts\/8954\/revisions"}],"wp:featuredmedia":[{"embeddable":true,"href":"https:\/\/informedesalud.com.do\/index.php?rest_route=\/wp\/v2\/media\/8955"}],"wp:attachment":[{"href":"https:\/\/informedesalud.com.do\/index.php?rest_route=%2Fwp%2Fv2%2Fmedia&parent=8954"}],"wp:term":[{"taxonomy":"category","embeddable":true,"href":"https:\/\/informedesalud.com.do\/index.php?rest_route=%2Fwp%2Fv2%2Fcategories&post=8954"},{"taxonomy":"post_tag","embeddable":true,"href":"https:\/\/informedesalud.com.do\/index.php?rest_route=%2Fwp%2Fv2%2Ftags&post=8954"}],"curies":[{"name":"wp","href":"https:\/\/api.w.org\/{rel}","templated":true}]}}