{"id":8876,"date":"2024-12-23T11:32:46","date_gmt":"2024-12-23T10:32:46","guid":{"rendered":"https:\/\/laconsultamedica.com.do\/?p=22147"},"modified":"2024-12-23T11:32:46","modified_gmt":"2024-12-23T10:32:46","slug":"presidenta-fubimud-aboga-por-proteccion-derechos-de-la-mujer","status":"publish","type":"post","link":"https:\/\/informedesalud.com.do\/?p=8876","title":{"rendered":"Presidenta FUBIMUD aboga por protecci\u00f3n derechos de la mujer"},"content":{"rendered":"<div><img decoding=\"async\" src=\"https:\/\/laconsultamedica.com.do\/wp-content\/uploads\/2024\/12\/w851h479.jpeg\" class=\"ff-og-image-inserted\"><\/div>\n<p>Santo Domingo, RD. -La presidenta de la Fundaci\u00f3n para el Bienestar de la Mujer Dominicana (FUBIMUD), Yaneris Ledesma, abog\u00f3 por la protecci\u00f3n de los derechos de la mujer, la lucha contra la pobreza y la sostenibilidad ambiental.<\/p>\n<p>La dirigente social hizo el llamado al dejar abierta la primera cumbre sobre Responsabilidad Social de las Empresas frente a la Familia, celebrada el pasado viernes, en la Asociaci\u00f3n de Comerciantes Mayoristas, en la capital.<\/p>\n<p>En el evento participaron representantes de empresas, fundaciones, organizaciones de la sociedad civil, autoridades gubernamentales e invitados especiales.<\/p>\n<p>En sus palabras, Ledesma manifest\u00f3 su inmenso honor en dar la bienvenida a la Cumbre, un espacio que reuni\u00f3 a l\u00edderes y aliados comprometidos con la construcci\u00f3n de un mejor futuro para la naci\u00f3n.<\/p>\n<p>Dijo que, Rep\u00fablica Dominicana enfrenta desaf\u00edos complejos, pero tambi\u00e9n cuenta con una riqueza invaluable: la fuerza, la resiliencia y el esp\u00edritu solidario de las comunidades.<\/p>\n<p>\u201cPor eso, esta Cumbre tiene un prop\u00f3sito claro y urgente: desarrollar pol\u00edticas y acciones concretas que promuevan el bienestar colectivo, priorizando \u00e1reas esenciales como la educaci\u00f3n, la protecci\u00f3n de los derechos de la mujer, la lucha contra la pobreza y la sostenibilidad ambiental\u201d, declar\u00f3.<\/p>\n<p>Se\u00f1al\u00f3 que, desde la Fundaci\u00f3n para el Bienestar de la Mujer Dominicana, ha sido testigo del poder transformador de la colaboraci\u00f3n entre el sector empresarial, las organizaciones de la sociedad civil y las comunidades.<\/p>\n<p>Precis\u00f3 que el progreso sostenible solo es posible \u201csi trabajamos juntos, integrando esfuerzos y recursos para atender las necesidades m\u00e1s apremiantes de nuestra gente\u201d.<br \/>\u201cHoy, quiero invitarles a reflexionar sobre el papel fundamental de las empresas como agentes de cambio social. M\u00e1s all\u00e1 de generar empleos y contribuir al crecimiento econ\u00f3mico, las empresas tienen la capacidad \u2013y la responsabilidad\u2013de impactar positivamente en las vidas de las familias dominicanas, promoviendo valores de equidad, inclusi\u00f3n y sostenibilidad\u201d, indic\u00f3 la dirigente social.<\/p>\n<p>Sostuvo, de igual modo que, es momento de asumir un compromiso firme con nuestras comunidades, especialmente con aquellos sectores m\u00e1s vulnerables, como la educaci\u00f3n; eje transformador que debe ser una prioridad en nuestras agendas.<\/p>\n<p>Necesitamos garantizar que cada ni\u00f1o y ni\u00f1a tenga acceso a una educaci\u00f3n de calidad, que no solo abra puertas al conocimiento, sino tambi\u00e9n a un futuro lleno de oportunidades.<\/p>\n<p>De igual manera, no podemos ignorar la importancia de proteger y empoderar a las mujeres dominicanas, quienes son el pilar de nuestras familias y comunidades.<\/p>\n<p>La lucha por sus derechos, su seguridad y su acceso a oportunidades debe estar en el centro de cualquier estrategia de responsabilidad social. Cuando apoyamos a las mujeres, apoyamos el desarrollo integral de toda la sociedad.<\/p>\n<p>La Cumbre cont\u00f3 con la presencia de representantes de fundaciones, empresas y organizaciones que han demostrado un compromiso con estas causas. \u201cUstedes son los aliados estrat\u00e9gicos que necesitamos para construir una Rep\u00fablica Dominicana m\u00e1s justa, equitativa y sostenible\u201d, apunt\u00f3.<\/p>\n<p>Agradeci\u00f3 a los presentes por compartir su visi\u00f3n y, sobre todo, por su disposici\u00f3n a actuar. Y les indic\u00f3 que, la responsabilidad social no es una tarea que no puede llevarse a cabo de forma aislada; es un esfuerzo colectivo que requiere la participaci\u00f3n activa de todos los sectores de la sociedad.<\/p>\n<p>En nombre de la FUBIMUD reafirmo nuestro compromiso de continuar trabajando incansablemente para que estas palabras se conviertan en acciones tangibles.<\/p>\n<p>Estamos aqu\u00ed para ser un puente que conecte necesidades con soluciones, esperanza con acci\u00f3n y sue\u00f1os con realidades.<\/p>\n","protected":false},"excerpt":{"rendered":"<p>Santo Domingo, RD. -La presidenta de la Fundaci\u00f3n para el Bienestar de la Mujer Dominicana (FUBIMUD), Yaneris Ledesma, abog\u00f3 por la protecci\u00f3n de los derechos de la mujer, la lucha contra la pobreza y la sostenibilidad ambiental. La dirigente social hizo el llamado al dejar abierta la primera cumbre sobre Responsabilidad Social de las Empresas [&hellip;]<\/p>\n","protected":false},"author":1,"featured_media":8877,"comment_status":"closed","ping_status":"closed","sticky":false,"template":"","format":"standard","meta":{"_eb_attr":"","footnotes":""},"categories":[36],"tags":[],"_links":{"self":[{"href":"https:\/\/informedesalud.com.do\/index.php?rest_route=\/wp\/v2\/posts\/8876"}],"collection":[{"href":"https:\/\/informedesalud.com.do\/index.php?rest_route=\/wp\/v2\/posts"}],"about":[{"href":"https:\/\/informedesalud.com.do\/index.php?rest_route=\/wp\/v2\/types\/post"}],"author":[{"embeddable":true,"href":"https:\/\/informedesalud.com.do\/index.php?rest_route=\/wp\/v2\/users\/1"}],"replies":[{"embeddable":true,"href":"https:\/\/informedesalud.com.do\/index.php?rest_route=%2Fwp%2Fv2%2Fcomments&post=8876"}],"version-history":[{"count":0,"href":"https:\/\/informedesalud.com.do\/index.php?rest_route=\/wp\/v2\/posts\/8876\/revisions"}],"wp:featuredmedia":[{"embeddable":true,"href":"https:\/\/informedesalud.com.do\/index.php?rest_route=\/wp\/v2\/media\/8877"}],"wp:attachment":[{"href":"https:\/\/informedesalud.com.do\/index.php?rest_route=%2Fwp%2Fv2%2Fmedia&parent=8876"}],"wp:term":[{"taxonomy":"category","embeddable":true,"href":"https:\/\/informedesalud.com.do\/index.php?rest_route=%2Fwp%2Fv2%2Fcategories&post=8876"},{"taxonomy":"post_tag","embeddable":true,"href":"https:\/\/informedesalud.com.do\/index.php?rest_route=%2Fwp%2Fv2%2Ftags&post=8876"}],"curies":[{"name":"wp","href":"https:\/\/api.w.org\/{rel}","templated":true}]}}