{"id":8371,"date":"2024-11-12T11:25:42","date_gmt":"2024-11-12T10:25:42","guid":{"rendered":"https:\/\/laconsultamedica.com.do\/?p=20578"},"modified":"2024-11-12T11:25:42","modified_gmt":"2024-11-12T10:25:42","slug":"instituciones-reciben-el-premio-nacional-a-la-calidad-del-sector-publico","status":"publish","type":"post","link":"https:\/\/informedesalud.com.do\/?p=8371","title":{"rendered":"Instituciones reciben el Premio Nacional a la Calidad del Sector P\u00fablico"},"content":{"rendered":"<div><img decoding=\"async\" src=\"https:\/\/laconsultamedica.com.do\/wp-content\/uploads\/2024\/11\/WhatsApp-Image-2024-11-11-at-11.39.34-AM-2-1024x794-1.jpeg\" class=\"ff-og-image-inserted\"><\/div>\n<p>Santo Domingo, noviembre de 2024. La vicepresidenta de la Rep\u00fablica, Raquel Pe\u00f1a, encabez\u00f3 la ceremonia de entrega del Premio Nacional a la Calidad del Sector P\u00fablico, en su vig\u00e9sima edici\u00f3n. En el evento, Laura Del Castillo, presidenta del jurado en representaci\u00f3n del Consejo Nacional de Competitividad, fue reconocida por su destacada trayectoria como jurado con mayor permanencia.<\/p>\n<p>Durante el acto, liderado por la vicemandataria junto al ministro de Administraci\u00f3n P\u00fablica, Sigmund Freund, fueron galardonadas siete instituciones p\u00fablicas en las categor\u00edas oro, plata y bronce, por cumplir con los est\u00e1ndares del Modelo de Excelencia Marco Com\u00fan de Evaluaci\u00f3n (CAF, por sus siglas en ingl\u00e9s).<\/p>\n<p>El Gran Premio, m\u00e1ximo galard\u00f3n de esta premiaci\u00f3n, fue otorgado a la Direcci\u00f3n General de Contabilidad Gubernamental (Digecog). Mientras que fueron galardonadas en la categor\u00eda Oro el Ministerio de Relaciones Exteriores (Mirex) y el Instituto Nacional de Formaci\u00f3n y Capacitaci\u00f3n del Magisterio (Inafocam), medalla de plata para la Direcci\u00f3n General de Cine (Dgcine) y el Ministerio de Hacienda y con medalla de bronce el Departamento Aeroportuario, la Contralor\u00eda General de la Rep\u00fablica y la Superintendencia de Salud y Riesgos Laborales (Sisalril).<\/p>\n<p>En su intervenci\u00f3n, Laura Del Castillo resalt\u00f3 el impacto positivo del Premio Nacional a la Calidad, que ha fomentado iniciativas como el Premio a la Excelencia del Sector Educativo y el Sello CAF.&nbsp; <\/p>\n<p>Del Castillo, resalt\u00f3 que el \u201cpresidente, Luis Abinader,&nbsp; nos ha propuesto la Meta de que la Rep\u00fablica Dominicana sea un pa\u00eds plenamente desarrollado al 2036, de acuerdo con los economistas Acemoglu, Johnson y Robinson, Premios Nobel de la Econom\u00eda 2024 por su trabajo sobre como las instituciones afectan la prosperidad de los pa\u00edses, las instituciones inclusivas son fundamentales para la prosperidad econ\u00f3mica de un pa\u00eds, aquellas que crean igualdad de oportunidades y fomentan la caldiad, creatividad y el talento\u201d.<\/p>\n<p>Adem\u00e1s, exhort\u00f3 que a las instituciones estatales a adoptar el modelo CAF, compartir sus mejores pr\u00e1cticas y convertirse en referentes de excelencia para el resto del sector p\u00fablico.<\/p>\n<p>El Jurado Evaluador estuvo integrado por representantes de diversas entidades de la sociedad civil, la academia, el sector p\u00fablico y el empresarial, incluyendo organizaciones como el Consejo Nacional de Competitividad, la Asociaci\u00f3n Nacional de J\u00f3venes Empresarios (ANJE), Participaci\u00f3n Ciudadana, la Universidad Aut\u00f3noma de Santo Domingo (UASD) y el Consejo Nacional de la Empresa Privada (CONEP), entre otras.<\/p>\n<p>El Premio Nacional a la Calidad reafirma el compromiso de las instituciones p\u00fablicas dominicanas con la mejora continua y la b\u00fasqueda de la excelencia en su gesti\u00f3n, contribuyendo al desarrollo del pa\u00eds.<\/p>\n","protected":false},"excerpt":{"rendered":"<p>Santo Domingo, noviembre de 2024. La vicepresidenta de la Rep\u00fablica, Raquel Pe\u00f1a, encabez\u00f3 la ceremonia de entrega del Premio Nacional a la Calidad del Sector P\u00fablico, en su vig\u00e9sima edici\u00f3n. En el evento, Laura Del Castillo, presidenta del jurado en representaci\u00f3n del Consejo Nacional de Competitividad, fue reconocida por su destacada trayectoria como jurado con [&hellip;]<\/p>\n","protected":false},"author":1,"featured_media":8372,"comment_status":"closed","ping_status":"closed","sticky":false,"template":"","format":"standard","meta":{"_eb_attr":"","footnotes":""},"categories":[36],"tags":[],"_links":{"self":[{"href":"https:\/\/informedesalud.com.do\/index.php?rest_route=\/wp\/v2\/posts\/8371"}],"collection":[{"href":"https:\/\/informedesalud.com.do\/index.php?rest_route=\/wp\/v2\/posts"}],"about":[{"href":"https:\/\/informedesalud.com.do\/index.php?rest_route=\/wp\/v2\/types\/post"}],"author":[{"embeddable":true,"href":"https:\/\/informedesalud.com.do\/index.php?rest_route=\/wp\/v2\/users\/1"}],"replies":[{"embeddable":true,"href":"https:\/\/informedesalud.com.do\/index.php?rest_route=%2Fwp%2Fv2%2Fcomments&post=8371"}],"version-history":[{"count":0,"href":"https:\/\/informedesalud.com.do\/index.php?rest_route=\/wp\/v2\/posts\/8371\/revisions"}],"wp:featuredmedia":[{"embeddable":true,"href":"https:\/\/informedesalud.com.do\/index.php?rest_route=\/wp\/v2\/media\/8372"}],"wp:attachment":[{"href":"https:\/\/informedesalud.com.do\/index.php?rest_route=%2Fwp%2Fv2%2Fmedia&parent=8371"}],"wp:term":[{"taxonomy":"category","embeddable":true,"href":"https:\/\/informedesalud.com.do\/index.php?rest_route=%2Fwp%2Fv2%2Fcategories&post=8371"},{"taxonomy":"post_tag","embeddable":true,"href":"https:\/\/informedesalud.com.do\/index.php?rest_route=%2Fwp%2Fv2%2Ftags&post=8371"}],"curies":[{"name":"wp","href":"https:\/\/api.w.org\/{rel}","templated":true}]}}