{"id":6942,"date":"2024-06-16T20:39:01","date_gmt":"2024-06-16T18:39:01","guid":{"rendered":"https:\/\/laconsultamedica.com.do\/?p=15530"},"modified":"2024-06-18T04:30:53","modified_gmt":"2024-06-18T02:30:53","slug":"anuncian-segundo-foro-de-mujeres-periodistas-para-edificar-espacios-propios","status":"publish","type":"post","link":"https:\/\/informedesalud.com.do\/?p=6942","title":{"rendered":"Anuncian segundo Foro de mujeres periodistas para edificar espacios propios"},"content":{"rendered":"<p>SANTO DOMINGO.- El Segundo Foro de Mujeres Periodistas Dominicanas se celebrar\u00e1 el 13 de julio en la Casa de los Jesuitas, ubicada en la Ciudad Colonial, con el objetivo de proporcionar un espacio donde las mujeres periodistas del pa\u00eds puedan compartir sus experiencias, desaf\u00edos y \u00e9xitos, este evento contar\u00e1 con talleres simult\u00e1neos, conferencias y un bazar.<\/p>\n<p>Seg\u00fan un comunicado de prensa, este foro conmemora el 102 aniversario de la revista F\u00e9mina, creada por Petronila Ang\u00e9lica G\u00f3mez Brea en 1922.<\/p>\n<p>Detall\u00f3 que la organizaci\u00f3n del foro est\u00e1 a cargo de un comit\u00e9 compuesto por reconocidas periodistas como Dania Goris, Patria Ivelisse Reyes, Marien Aristy Capit\u00e1n, Lily Luciano, Cristal Acevedo, Aris Beltr\u00e9, Danielis Ferm\u00edn, Lilian Tejeda, Dayanara Reyes Pujols, Karla B\u00e1ez y Elvira Lora.<\/p>\n<p>La celebraci\u00f3n de la diversidad y la fortaleza de las mujeres en el periodismo ha sido acogida por la sede de la Direcci\u00f3n General de Mecenazgos, dirigida por el dramaturgo y cineasta, Henry Mercedes Vales.<\/p>\n<p>Las instalaciones de el edificio centenario acoger\u00e1n nuevas oportunidades para aprender, crecer y conectarse con colegas de todo el pa\u00eds, el 13 de julio de 9am a 12m.<\/p>\n<p>Bajo el lema \u201c\u00a1\u00danete a nosotras para este evento transformador y empoderador!\u201d prepararon talleres como \u201cNuevas perspectivas de una cobertura inclusiva, desde los emprendimientos a las pol\u00edticas de cuidados\u201d y \u201cClaves para la sostenibilidad de start-ups ante la gran prensa\u201d.<\/p>\n<p>Las interesadas en participar pueden inscribirse en la web de la plataforma Ciudadan\u00eda F\u00e9mina (https:\/\/ciudadaniafemina.com.do\/<\/p>\n","protected":false},"excerpt":{"rendered":"<p>SANTO DOMINGO.-&#8230;<\/p>\n","protected":false},"author":1,"featured_media":6958,"comment_status":"closed","ping_status":"closed","sticky":false,"template":"","format":"standard","meta":{"_eb_attr":"","footnotes":""},"categories":[36],"tags":[],"_links":{"self":[{"href":"https:\/\/informedesalud.com.do\/index.php?rest_route=\/wp\/v2\/posts\/6942"}],"collection":[{"href":"https:\/\/informedesalud.com.do\/index.php?rest_route=\/wp\/v2\/posts"}],"about":[{"href":"https:\/\/informedesalud.com.do\/index.php?rest_route=\/wp\/v2\/types\/post"}],"author":[{"embeddable":true,"href":"https:\/\/informedesalud.com.do\/index.php?rest_route=\/wp\/v2\/users\/1"}],"replies":[{"embeddable":true,"href":"https:\/\/informedesalud.com.do\/index.php?rest_route=%2Fwp%2Fv2%2Fcomments&post=6942"}],"version-history":[{"count":1,"href":"https:\/\/informedesalud.com.do\/index.php?rest_route=\/wp\/v2\/posts\/6942\/revisions"}],"predecessor-version":[{"id":6959,"href":"https:\/\/informedesalud.com.do\/index.php?rest_route=\/wp\/v2\/posts\/6942\/revisions\/6959"}],"wp:featuredmedia":[{"embeddable":true,"href":"https:\/\/informedesalud.com.do\/index.php?rest_route=\/wp\/v2\/media\/6958"}],"wp:attachment":[{"href":"https:\/\/informedesalud.com.do\/index.php?rest_route=%2Fwp%2Fv2%2Fmedia&parent=6942"}],"wp:term":[{"taxonomy":"category","embeddable":true,"href":"https:\/\/informedesalud.com.do\/index.php?rest_route=%2Fwp%2Fv2%2Fcategories&post=6942"},{"taxonomy":"post_tag","embeddable":true,"href":"https:\/\/informedesalud.com.do\/index.php?rest_route=%2Fwp%2Fv2%2Ftags&post=6942"}],"curies":[{"name":"wp","href":"https:\/\/api.w.org\/{rel}","templated":true}]}}