{"id":6940,"date":"2024-06-16T20:39:01","date_gmt":"2024-06-16T18:39:01","guid":{"rendered":"https:\/\/laconsultamedica.com.do\/?p=15527"},"modified":"2024-06-18T04:36:21","modified_gmt":"2024-06-18T02:36:21","slug":"alcaldesa-carolina-mejia-viaja-a-congreso-iberoamericano-ceapi-en-colombia","status":"publish","type":"post","link":"https:\/\/informedesalud.com.do\/?p=6940","title":{"rendered":"Alcaldesa Carolina Mej\u00eda viaja a Congreso Iberoamericano CEAPI en Colombia"},"content":{"rendered":"<p>Santo Domingo D.N.- La alcaldesa del Distrito Nacional, Carolina Mej\u00eda, viaja este domingo hacia Cartagena de Indias, Colombia, donde participar\u00e1 en el VII Congreso Iberoamericano del Consejo Empresarial Alianza por Iberoam\u00e9rica (CEAPI), junto a los alcaldes de Madrid, Bogot\u00e1, Cartagena, Medell\u00edn y Cali.<\/p>\n<p>El lunes, Carolina tendr\u00e1 a su cargo la clausura del panel de liderazgo femenino sobre Mujeres que Hacen Historia, d\u00f3nde compartir\u00e1 junto a Marta Woodcock, CEO de Banco Santander; Cristina Pineda, cofundadora de Pineda Coval\u00edn; N\u00faria Vilanova, presidenta de CEAPI; Isabel Noboa, presidenta de Nobis; Alejandra Mustakis, socia fundadora de Medular, Kaulel, iF, 1ko y Cemprendedor; Carmen Abondano, cofundadora del Grupo Daabon; Alexia Putellas, campeona mundial de f\u00fatbol 2023, Bal\u00f3n de Oro Femenino y The Best a la mejor jugadora de FIFA; y Tatiana Calder\u00f3n, piloto de automovilismo.<\/p>\n<p>Mientras que el martes participar\u00e1 en el panel \u201cCapitales de Iberoam\u00e9rica al mundo\u201d, donde distintos alcaldes manifestar\u00e1n la manera en la que han gestionado ciudades din\u00e1micas y complejas. En este conversatorio buscar\u00e1n ofrecer una ventana \u00fanica a las soluciones creativas que est\u00e1n moldeando el futuro de las capitales iberoamericanas.<\/p>\n<p>Asimismo, la alcaldesa dominicana agotar\u00e1 una importante agenda de reuniones bilaterales con sus hom\u00f3logos, as\u00ed como con l\u00edderes empresariales y pol\u00edticos.<\/p>\n<p>El congreso, a efectuarse del lunes 17 al mi\u00e9rcoles 19 de junio, re\u00fane a los principales l\u00edderes institucionales, presidentes de compa\u00f1\u00edas y familias empresarias latinoamericanas.<\/p>\n<p>De igual manera, intervendr\u00e1 Jos\u00e9 Mar\u00eda Aznar, expresidente del Gobierno de Espa\u00f1a; Mariano Jabonero, secretario general de la Organizaci\u00f3n de Estados Iberoamericanos para la Educaci\u00f3n, la Ciencia y la Cultura (OEI); Lavinia Valbonesi, primera dama de Ecuador; Sergio D\u00edaz, presidente del Banco de Desarrollo de Am\u00e9rica Latina; entre otras distinguidas personalidades.<\/p>\n<p>La alcaldesa del Distrito Nacional ha sido reconocida internacionalmente en varias ocasiones por su destacado rol a favor de la ciudad, as\u00ed como por el humanismo que la caracteriza.<\/p>\n<p>En el pasado mes de abril fue investida como Acad\u00e9mica de Honor en la Real Academia Europea de Doctores. Asimismo, Mej\u00eda fue reconocida en el Congreso de Massachusetts, donde recibi\u00f3 una proclama y fue ovacionada por los congresistas.<\/p>\n<p>.<\/p>\n","protected":false},"excerpt":{"rendered":"<p>Santo Domingo&#8230;<\/p>\n","protected":false},"author":1,"featured_media":6963,"comment_status":"closed","ping_status":"closed","sticky":false,"template":"","format":"standard","meta":{"_eb_attr":"","footnotes":""},"categories":[36],"tags":[],"_links":{"self":[{"href":"https:\/\/informedesalud.com.do\/index.php?rest_route=\/wp\/v2\/posts\/6940"}],"collection":[{"href":"https:\/\/informedesalud.com.do\/index.php?rest_route=\/wp\/v2\/posts"}],"about":[{"href":"https:\/\/informedesalud.com.do\/index.php?rest_route=\/wp\/v2\/types\/post"}],"author":[{"embeddable":true,"href":"https:\/\/informedesalud.com.do\/index.php?rest_route=\/wp\/v2\/users\/1"}],"replies":[{"embeddable":true,"href":"https:\/\/informedesalud.com.do\/index.php?rest_route=%2Fwp%2Fv2%2Fcomments&post=6940"}],"version-history":[{"count":1,"href":"https:\/\/informedesalud.com.do\/index.php?rest_route=\/wp\/v2\/posts\/6940\/revisions"}],"predecessor-version":[{"id":6964,"href":"https:\/\/informedesalud.com.do\/index.php?rest_route=\/wp\/v2\/posts\/6940\/revisions\/6964"}],"wp:featuredmedia":[{"embeddable":true,"href":"https:\/\/informedesalud.com.do\/index.php?rest_route=\/wp\/v2\/media\/6963"}],"wp:attachment":[{"href":"https:\/\/informedesalud.com.do\/index.php?rest_route=%2Fwp%2Fv2%2Fmedia&parent=6940"}],"wp:term":[{"taxonomy":"category","embeddable":true,"href":"https:\/\/informedesalud.com.do\/index.php?rest_route=%2Fwp%2Fv2%2Fcategories&post=6940"},{"taxonomy":"post_tag","embeddable":true,"href":"https:\/\/informedesalud.com.do\/index.php?rest_route=%2Fwp%2Fv2%2Ftags&post=6940"}],"curies":[{"name":"wp","href":"https:\/\/api.w.org\/{rel}","templated":true}]}}