{"id":6939,"date":"2024-06-16T20:39:01","date_gmt":"2024-06-16T18:39:01","guid":{"rendered":"https:\/\/laconsultamedica.com.do\/?p=15524"},"modified":"2024-06-18T04:37:46","modified_gmt":"2024-06-18T02:37:46","slug":"la-cumbre-de-paz-en-ucrania-finaliza-con-una-declaracion-conjunta-sin-la-firma-de-doce-paises","status":"publish","type":"post","link":"https:\/\/informedesalud.com.do\/?p=6939","title":{"rendered":"La Cumbre de Paz en Ucrania finaliza con una declaraci\u00f3n conjunta sin la firma de doce pa\u00edses"},"content":{"rendered":"<p>La Cumbre de Paz de Ucrania, que reuni\u00f3 a cerca de 60 l\u00edderes mundiales y representantes de unos ochenta gobiernos, finaliz\u00f3 este domingo con una declaraci\u00f3n conjunta que reclama seguridad nuclear y de tr\u00e1nsito mar\u00edtimo, aunque doce pa\u00edses destacados del mundo en desarrollo y socios de Rusia en ciertos foros, declinaron firmar el documento.<\/p>\n<p>Entre estos se encuentran Brasil, India y Sud\u00e1frica \u2013 que forman parte junto a Rusia y China del grupo de econom\u00edas emergentes, conocidos como los BRICS-, adem\u00e1s de M\u00e9xico.<\/p>\n<p>Tampoco se unieron a la declaraci\u00f3n final Armenia, Bar\u00e9in, Indonesia, Libia, Arabia Saud\u00ed, Tailandia y Emiratos \u00c1rabes Unidos, mientras que 84 pa\u00edses s\u00ed suscribieron el documento, incluidos los pa\u00edses de la Uni\u00f3n Europea, Estados Unidos, Jap\u00f3n, Argentina, Chile Y Ecuador.<\/p>\n<p>Al final del segundo plenario de l\u00edderes, celebrado hoy, el presidente ucraniano, Volod\u00edmir Zelenski, agradeci\u00f3 la participaci\u00f3n de las delegaciones y que hayan comprendido que \u201ctodos estamos interesados en que no hay peligro procedente de las plantas nucleares y otras instalaciones at\u00f3micas\u201d.<\/p>\n<p>\u201cEstoy agradecido de que los participantes en esta conferencia hayan comprendido esto y la necesidad de restaurar una seguridad total en la planta de Zaporiyia, capturada por Rusia\u201d, agreg\u00f3.<\/p>\n<p>\u201cTambi\u00e9n les agradezco a cada uno por apoyarnos en nuestros esfuerzos de garantizar una navegaci\u00f3n segura y preservar el flujo libre de alimentos\u201d, destac\u00f3 el mandatario ucraniano.<\/p>\n<p>Zelenski afirma que est\u00e1 claro que Rusia no est\u00e1 preparada ahora para la paz<br \/>Zelenski, dijo que Rusia ahora \u201cno est\u00e1 preparada para la paz\u201d y que esto queda demostrado con el planteamiento del presidente ruso Vlad\u00edmir Putin de que para entablar negociaciones para poner fin a la guerra Ucrania debe abandonar los territorios ocupados ilegalmente por fuerzas rusas.<\/p>\n<p>En una conferencia de prensa con la que se clausur\u00f3 la Cumbre para la Paz en Ucrania, el mandatario dijo que Putin ha cometido varios \u201cerrores hist\u00f3ricos\u201d desde que inicio su agresi\u00f3n contra Ucrania y que esa propuesta es uno m\u00e1s de ellos.<\/p>\n<p>Tambi\u00e9n sostuvo que Putin se equivoc\u00f3 al intentar sabotear la cumbre convenciendo a pa\u00edses que le son m\u00e1s o menos pr\u00f3ximos de que no acudieran.<\/p>\n<p>La declaraci\u00f3n reclama seguridad nuclear<br \/>Los l\u00edderes pol\u00edticos que participan en la Cumbre de la Paz para Ucrania adoptar\u00e1n este domingo una declaraci\u00f3n que pone \u00e9nfasis en la seguridad nuclear, defiende que la central nuclear de Zaporiyia debe funcionar bajo el completo control ucraniano, al tiempo que piden seguridad para el tr\u00e1nsito de mercanc\u00edas por el Mar Negro.<\/p>\n<p>La declaraci\u00f3n, a la que ha tenido acceso EFE, supondr\u00e1 el cierre este domingo a dos d\u00edas de pronunciamientos p\u00fablicos e intercambios en privado entre un centenar de delegaciones de pa\u00edses, de las cuales m\u00e1s de 60 est\u00e1n encabezadas por presidentes y jefes de Estado.<\/p>\n<p>Los participantes, de acuerdo en el objetivo pero no en c\u00f3mo<br \/>El documento recoge temas en torno a los que se pod\u00eda asumir que existir\u00eda consenso, pues si bien los participantes est\u00e1n de acuerdo con que la guerra en Ucrania debe cesar, no todos piensan lo mismo sobre c\u00f3mo llegar a ese punto.<\/p>\n<p>Mientras los europeos se sienten directamente amenazados por este conflicto y forman un bloque contra Rusia, pa\u00edses de otras regiones se han atrevido a hablar de que ambas partes tendr\u00e1n que hacer concesiones, lo que en estos momentos tanto Kiev como Mosc\u00fa rechazan.<\/p>\n<figure class=\"wp-block-image size-large\"><img loading=\"lazy\" loading=\"lazy\" decoding=\"async\" width=\"900\" height=\"600\" src=\"https:\/\/laconsultamedica.com.do\/wp-content\/uploads\/2024\/06\/cumbre-ucrania-meloni4065110602603665547.jpg\" alt=\"\" class=\"wp-image-15522\" srcset=\"https:\/\/laconsultamedica.com.do\/wp-content\/uploads\/2024\/06\/cumbre-ucrania-meloni4065110602603665547.jpg 900w, https:\/\/laconsultamedica.com.do\/wp-content\/uploads\/2024\/06\/cumbre-ucrania-meloni4065110602603665547-300x200.jpg 300w, https:\/\/laconsultamedica.com.do\/wp-content\/uploads\/2024\/06\/cumbre-ucrania-meloni4065110602603665547-768x512.jpg 768w, https:\/\/laconsultamedica.com.do\/wp-content\/uploads\/2024\/06\/cumbre-ucrania-meloni4065110602603665547-750x500.jpg 750w\" sizes=\"(max-width: 900px) 100vw, 900px\" \/><\/figure>\n<p>El uso de la energ\u00eda nuclear<br \/>En el tema nuclear, los l\u00edderes se\u00f1alan que cualquier uso de la energ\u00eda nuclear debe ser seguro y tener en cuenta consideraciones medioambientales, y que cualquier amenaza de uso de armas nucleares es absolutamente inadmisible.<\/p>\n<p>El otro gran tema abordado en la declaraci\u00f3n es el de la seguridad alimentaria, dependiente de una producci\u00f3n y suministro ininterrumpido de productos, para lo cual es fundamental garantizar la seguridad de la navegaci\u00f3n comercial en el Mar Negro, as\u00ed como el acceso a sus puertos y a los del mar de Azov.<\/p>\n<p>\u201cLos ataques a los nav\u00edos mercantes en puertos o a lo largo de las rutas, as\u00ed como contra puertos o infraestructuras portuarias civiles, es inaceptable\u201d, sostiene la declaraci\u00f3n, que debe ser adoptada oficialmente al t\u00e9rmino de la Cumbre que acoge Suiza a petici\u00f3n del gobierno de Volod\u00edmir Zelenski.<\/p>\n<p>Un llamamiento humanitario sobre los prisioneros<br \/>El tercer y \u00faltimo punto de la declaraci\u00f3n es de alcance humanitario y comprende un llamamiento a la liberaci\u00f3n de todos los prisioneros de guerra a trav\u00e9s de una operaci\u00f3n de intercambio completo entre los que est\u00e1n en manos de Rusia y Ucrania, respectivamente.<\/p>\n<p>En este mismo punto se a\u00f1ade que se debe permitir el retorno de los ni\u00f1os y todos los civiles ucranianos que esten ilegalmente retenidos.<\/p>\n<p>En torno a estos tres temas giraron los tres grupos de trabajo que se desarrollaron durante la Cumbre con la participaci\u00f3n de los dirigentes pol\u00edticos y miembros de delegaciones.<\/p>\n<p>Espa\u00f1a considera la cumbre de Suiza un \u00e9xito<br \/>Espa\u00f1a considera que la cumbre sobre Ucrania celebrada en Suiza fue un \u00e9xito innegable que env\u00eda un potente mensaje de la comunidad internacional en favor de la paz.<\/p>\n<p>El mero hecho de que un centenar de delegaciones se hayan reunido en esta cumbre, entre ellas la de Espa\u00f1a encabezada por su presidente del Gobierno, Pedro S\u00e1nchez, subrayan fuentes del Ejecutivo espa\u00f1ol que ya supone un \u00e9xito diplom\u00e1tico para el presidente ucraniano, Volod\u00edmir Zelenski.<\/p>\n<p>La foto de familia con todos los jefes de Estado y de Gobierno asistentes creen que implica un claro mensaje de la determinaci\u00f3n de la comunidad internacional de avanzar hacia la paz.<\/p>\n<p>Por ello restan importancia al hecho de que doce pa\u00edses asistentes a la cumbre no hayan firmado la declaraci\u00f3n final.<\/p>\n<p>La entrada <a href=\"https:\/\/laconsultamedica.com.do\/la-cumbre-de-paz-en-ucrania-finaliza-con-una-declaracion-conjunta-sin-la-firma-de-doce-paises\/\">La Cumbre de Paz en Ucrania finaliza con una declaraci\u00f3n conjunta sin la firma de doce pa\u00edses<\/a> se public\u00f3 primero en <a href=\"https:\/\/laconsultamedica.com.do\">La Consulta Medica<\/a>.<\/p>\n","protected":false},"excerpt":{"rendered":"<p>La Cumbre&#8230;<\/p>\n","protected":false},"author":1,"featured_media":6965,"comment_status":"closed","ping_status":"closed","sticky":false,"template":"","format":"standard","meta":{"_eb_attr":"","footnotes":""},"categories":[37],"tags":[],"_links":{"self":[{"href":"https:\/\/informedesalud.com.do\/index.php?rest_route=\/wp\/v2\/posts\/6939"}],"collection":[{"href":"https:\/\/informedesalud.com.do\/index.php?rest_route=\/wp\/v2\/posts"}],"about":[{"href":"https:\/\/informedesalud.com.do\/index.php?rest_route=\/wp\/v2\/types\/post"}],"author":[{"embeddable":true,"href":"https:\/\/informedesalud.com.do\/index.php?rest_route=\/wp\/v2\/users\/1"}],"replies":[{"embeddable":true,"href":"https:\/\/informedesalud.com.do\/index.php?rest_route=%2Fwp%2Fv2%2Fcomments&post=6939"}],"version-history":[{"count":1,"href":"https:\/\/informedesalud.com.do\/index.php?rest_route=\/wp\/v2\/posts\/6939\/revisions"}],"predecessor-version":[{"id":6966,"href":"https:\/\/informedesalud.com.do\/index.php?rest_route=\/wp\/v2\/posts\/6939\/revisions\/6966"}],"wp:featuredmedia":[{"embeddable":true,"href":"https:\/\/informedesalud.com.do\/index.php?rest_route=\/wp\/v2\/media\/6965"}],"wp:attachment":[{"href":"https:\/\/informedesalud.com.do\/index.php?rest_route=%2Fwp%2Fv2%2Fmedia&parent=6939"}],"wp:term":[{"taxonomy":"category","embeddable":true,"href":"https:\/\/informedesalud.com.do\/index.php?rest_route=%2Fwp%2Fv2%2Fcategories&post=6939"},{"taxonomy":"post_tag","embeddable":true,"href":"https:\/\/informedesalud.com.do\/index.php?rest_route=%2Fwp%2Fv2%2Ftags&post=6939"}],"curies":[{"name":"wp","href":"https:\/\/api.w.org\/{rel}","templated":true}]}}