{"id":6937,"date":"2024-06-16T20:39:01","date_gmt":"2024-06-16T18:39:01","guid":{"rendered":"https:\/\/laconsultamedica.com.do\/?p=15510"},"modified":"2024-06-18T04:25:42","modified_gmt":"2024-06-18T02:25:42","slug":"mescyt-concluye-con-exito-taller-de-de-diseno-y-rediseno-de-los-planes-de-estudio-de-la-carrera-de-educacion","status":"publish","type":"post","link":"https:\/\/informedesalud.com.do\/?p=6937","title":{"rendered":"MESCyT concluye con \u00e9xito taller de de Dise\u00f1o y Redise\u00f1o de los Planes de estudio de la carrera de educaci\u00f3n"},"content":{"rendered":"<p>SANTO DOMINGO.- El Ministerio de Educaci\u00f3n Superior, Ciencia y Tecnolog\u00eda (MESCyT), a trav\u00e9s de su viceministerio de educaci\u00f3n superior, concluy\u00f3 el taller de \u201cDise\u00f1o y Redise\u00f1o de los  Planes de Estudios de la Carrera de Educaci\u00f3n en Base al Marco normativo 01\/23 y los Perfiles Profesionales del Cat\u00e1logo Nacional de Cualificaciones de la Rep\u00fablica Dominicana de acuerdo a la demanda de nuevos aprendizajes.<\/p>\n<p>El evento, realizado del 10 al 14 de junio, forma parte de los impulsores de reformas curriculares, que buscan dise\u00f1ar programas de aprendizaje, acreditaci\u00f3n y homologaci\u00f3n en las Instituciones de Educaci\u00f3n Superior (IES) nacionales e internacionales.<\/p>\n<p>En el transcurso del evento, el titular de la instituci\u00f3n,  doctor Franklin Garc\u00eda Ferm\u00edn llam\u00f3 a la comunidad acad\u00e9mica a implantar los avances realizados, para lograr la excelencia en los Planes de estudio de Educaci\u00f3n en la Rep\u00fablica Dominicana.<\/p>\n<figure class=\"wp-block-image size-large\"><img fetchpriority=\"high\" class=\"wp-image-15507\" decoding=\"async\" width=\"1024\" height=\"683\" src=\"https:\/\/laconsultamedica.com.do\/wp-content\/uploads\/2024\/06\/whatsapp-image-2024-06-14-at-44162326323259484111-1024x683.jpg\" alt=\"\" srcset=\"https:\/\/laconsultamedica.com.do\/wp-content\/uploads\/2024\/06\/whatsapp-image-2024-06-14-at-44162326323259484111-1024x683.jpg 1024w, https:\/\/laconsultamedica.com.do\/wp-content\/uploads\/2024\/06\/whatsapp-image-2024-06-14-at-44162326323259484111-300x200.jpg 300w, https:\/\/laconsultamedica.com.do\/wp-content\/uploads\/2024\/06\/whatsapp-image-2024-06-14-at-44162326323259484111-768x512.jpg 768w, https:\/\/laconsultamedica.com.do\/wp-content\/uploads\/2024\/06\/whatsapp-image-2024-06-14-at-44162326323259484111-750x500.jpg 750w, https:\/\/laconsultamedica.com.do\/wp-content\/uploads\/2024\/06\/whatsapp-image-2024-06-14-at-44162326323259484111-1140x760.jpg 1140w, https:\/\/laconsultamedica.com.do\/wp-content\/uploads\/2024\/06\/whatsapp-image-2024-06-14-at-44162326323259484111.jpg 1500w\" sizes=\"(max-width: 1024px) 100vw, 1024px\"><\/figure>\n<p>Carmen Evarista Mat\u00edas, viceministra de educaci\u00f3n superior del MESCyT, enfatiz\u00f3 que el taller tuvo el objetivo de socializar y retroalimentar los avances  realizados en la elaboraci\u00f3n de los ac\u00e1pites de los planes de estudio, profundizar en componentes centrales y garant\u00edas de la calidad, bajo las unidades tem\u00e1ticas: aula inversa, estrategias metodol\u00f3gicas y metodolog\u00edas colaborativas.<\/p>\n<p>\u201cQuiero agradecer a los maestros por sus aportes para la mejora de los Planes de Estudio, su ayuda es fundamental para cumplir con los est\u00e1ndares curriculares, para el 30 de julio ya tendremos las propuestas definitivas\u201d, agreg\u00f3 Matias.<\/p>\n<figure class=\"wp-block-image size-large\"><img loading=\"lazy\" class=\"wp-image-15508\" loading=\"lazy\" decoding=\"async\" width=\"1024\" height=\"683\" src=\"https:\/\/laconsultamedica.com.do\/wp-content\/uploads\/2024\/06\/6fda8e87-0d0e-48b9-8390-718e29830b6f4927100995161634410-1024x683.jpg\" alt=\"\" srcset=\"https:\/\/laconsultamedica.com.do\/wp-content\/uploads\/2024\/06\/6fda8e87-0d0e-48b9-8390-718e29830b6f4927100995161634410-1024x683.jpg 1024w, https:\/\/laconsultamedica.com.do\/wp-content\/uploads\/2024\/06\/6fda8e87-0d0e-48b9-8390-718e29830b6f4927100995161634410-300x200.jpg 300w, https:\/\/laconsultamedica.com.do\/wp-content\/uploads\/2024\/06\/6fda8e87-0d0e-48b9-8390-718e29830b6f4927100995161634410-768x512.jpg 768w, https:\/\/laconsultamedica.com.do\/wp-content\/uploads\/2024\/06\/6fda8e87-0d0e-48b9-8390-718e29830b6f4927100995161634410-750x500.jpg 750w, https:\/\/laconsultamedica.com.do\/wp-content\/uploads\/2024\/06\/6fda8e87-0d0e-48b9-8390-718e29830b6f4927100995161634410-1140x760.jpg 1140w, https:\/\/laconsultamedica.com.do\/wp-content\/uploads\/2024\/06\/6fda8e87-0d0e-48b9-8390-718e29830b6f4927100995161634410.jpg 1500w\" sizes=\"(max-width: 1024px) 100vw, 1024px\"><\/figure>\n<p>Coordinadores y participantes<\/p>\n<p>El Dise\u00f1o y Redise\u00f1o de los  Planes de Estudios de la Carrera de Educaci\u00f3n en Base al Marco normativo 01\/23 y los Perfiles Profesionales del Cat\u00e1logo Nacional de Cualificaciones de la Rep\u00fablica Dominicana, cuenta con la participaci\u00f3n de los consultores de la Universidad de Barcelon:Jose Luis Medina, Patricia Silva, Francisco Imbernon, Beatriz Jarauta y Gabriel Hervas.<\/p>\n<p>Asimismo, integr\u00f3 a curriculistas de las IES dominicanas, especialistas de \u00e1reas del conocimiento y asesores pedag\u00f3gicos. Tambi\u00e9n tiene el apoyo de la Organizaci\u00f3n de Estados Iberoamericanos para la Educaci\u00f3n, la Ciencia y la Cultura, OEI, la Universidad de Barcelona, INAFOCAM, MINERD e ISFODOSU.<\/p>\n","protected":false},"excerpt":{"rendered":"<p>SANTO DOMINGO.-&#8230;<\/p>\n","protected":false},"author":1,"featured_media":6949,"comment_status":"closed","ping_status":"closed","sticky":false,"template":"","format":"standard","meta":{"_eb_attr":"","footnotes":""},"categories":[43],"tags":[],"_links":{"self":[{"href":"https:\/\/informedesalud.com.do\/index.php?rest_route=\/wp\/v2\/posts\/6937"}],"collection":[{"href":"https:\/\/informedesalud.com.do\/index.php?rest_route=\/wp\/v2\/posts"}],"about":[{"href":"https:\/\/informedesalud.com.do\/index.php?rest_route=\/wp\/v2\/types\/post"}],"author":[{"embeddable":true,"href":"https:\/\/informedesalud.com.do\/index.php?rest_route=\/wp\/v2\/users\/1"}],"replies":[{"embeddable":true,"href":"https:\/\/informedesalud.com.do\/index.php?rest_route=%2Fwp%2Fv2%2Fcomments&post=6937"}],"version-history":[{"count":1,"href":"https:\/\/informedesalud.com.do\/index.php?rest_route=\/wp\/v2\/posts\/6937\/revisions"}],"predecessor-version":[{"id":6950,"href":"https:\/\/informedesalud.com.do\/index.php?rest_route=\/wp\/v2\/posts\/6937\/revisions\/6950"}],"wp:featuredmedia":[{"embeddable":true,"href":"https:\/\/informedesalud.com.do\/index.php?rest_route=\/wp\/v2\/media\/6949"}],"wp:attachment":[{"href":"https:\/\/informedesalud.com.do\/index.php?rest_route=%2Fwp%2Fv2%2Fmedia&parent=6937"}],"wp:term":[{"taxonomy":"category","embeddable":true,"href":"https:\/\/informedesalud.com.do\/index.php?rest_route=%2Fwp%2Fv2%2Fcategories&post=6937"},{"taxonomy":"post_tag","embeddable":true,"href":"https:\/\/informedesalud.com.do\/index.php?rest_route=%2Fwp%2Fv2%2Ftags&post=6937"}],"curies":[{"name":"wp","href":"https:\/\/api.w.org\/{rel}","templated":true}]}}