{"id":6936,"date":"2024-06-16T20:39:01","date_gmt":"2024-06-16T18:39:01","guid":{"rendered":"https:\/\/laconsultamedica.com.do\/?p=15517"},"modified":"2024-06-18T04:24:56","modified_gmt":"2024-06-18T02:24:56","slug":"seguros-reservas-inaugura-moderna-oficina-en-la-romana","status":"publish","type":"post","link":"https:\/\/informedesalud.com.do\/?p=6936","title":{"rendered":"Seguros Reservas inaugura moderna oficina en La Romana"},"content":{"rendered":"<p>Santo Domingo, junio, 2024. \u2013 Seguros Reservas inaugura una nueva y moderna oficina en La Romana, para brindar una atenci\u00f3n cada vez m\u00e1s cercana, tecnol\u00f3gica y personalizada a sus clientes.<\/p>\n<p>El acto de apertura estuvo encabezado por el vicepresidente ejecutivo de Seguros Reservas, V\u00edctor Rojas y los principales ejecutivos de la instituci\u00f3n.<\/p>\n<p>Mientras que, el P\u00e1rroco de la Iglesia San Antonio de Padua y de la Iglesia San Estanislao de Altos de Chav\u00f3n, Padre Jos\u00e9 Nicol\u00e1s Tejeda, se encarg\u00f3 de bendecir las nuevas instalaciones.<\/p>\n<p>Esta nueva oficina ubicada en la Avenida Santa Rosa, Esq. Fray Juan de Utrera, La Romana, permitir\u00e1 el acceso al amplio portafolio de productos y servicios de Seguros Reservas, brindando la facilidad de realizar distintos procesos y gestiones a trav\u00e9s de experiencias de servicio personalizadas y memorables.<\/p>\n<p>\u201cNos hemos convertido en un referente de evoluci\u00f3n, en esta oportunidad consolidando nuevas plazas comerciales y continuando el desarrollo de cada ciudad del pa\u00eds que hemos alcanzado con nuestras operaciones, con el apoyo de nuestros clientes y de todos los intermediarios de seguros, a quienes agradecemos. Esto representa un compromiso transcendental de nuestra gesti\u00f3n\u201d, expres\u00f3 Rojas durante su intervenci\u00f3n.<\/p>\n<p>De su lado, la directora Regional Este, Claudia Defillo, destac\u00f3 que: \u201cEsta nueva oficina ofrecer\u00e1 las atenciones de lunes a viernes, de 8:00 A.M. a 5:00 P.M. y s\u00e1bados de 9:00 A.M. a 12:00 P.M., respaldando siempre las necesidades de nuestros asegurados de forma oportuna, gracias a las nuevas tecnolog\u00edas con las que contamos y al equipo de profesionales altamente capacitados y comprometidos que nos acompa\u00f1an\u201d.<\/p>\n<p>El evento cont\u00f3 con la participaci\u00f3n de la gobernadora provincial de La Romana, Ivelisse Mercedes, el alcalde de la ciudad, Eduardo Kery Metivier y otras autoridades de la Zona Este. As\u00ed como tambi\u00e9n, asistieron miembros del Consejo de Administraci\u00f3n de Seguros Reservas, ejecutivos de las empresas de la Familia Reservas, los principales directivos de la aseguradora e intermediarios de seguros.<\/p>\n<p><strong>Acerca de Seguros Reservas<\/strong><\/p>\n<p>Seguros Reservas es una empresa que cuenta con m\u00e1s de veinte a\u00f1os de experiencia en el mercado asegurador dominicano, dedicada a la provisi\u00f3n de soluciones de seguros adaptadas a las necesidades de sus clientes.<\/p>\n<p>Es la \u00fanica compa\u00f1\u00eda dominicana en obtener dos veces consecutivas las calificaciones AA+ por Fitch y A- (Excelente) en riesgo y fortaleza financiera, emitidas por AM Best.<\/p>\n<p>Asimismo, es la aseguradora de mayor crecimiento en Centroam\u00e9rica y Rep\u00fablica Dominicana, posicion\u00e1ndose en el lugar #4 en el ranking de aseguradoras al cierre del 2023, ascendiendo 5 posiciones en relaci\u00f3n con el a\u00f1o anterior.<\/p>\n<p>Ha logrado destacarse en el sector al recibir 24 premios a la Excelencia de la Asociaci\u00f3n Dominicana de Corredores de Seguros \u2013 ADOCOSE- y sus filiales, reconociendo la Excelencia en Servicio, Gesti\u00f3n Comercial en Riesgos Generales y Salud, \u00c1reas T\u00e9cnicas y Reclamaciones.<\/p>\n","protected":false},"excerpt":{"rendered":"<p>Santo Domingo,&#8230;<\/p>\n","protected":false},"author":1,"featured_media":6947,"comment_status":"closed","ping_status":"closed","sticky":false,"template":"","format":"standard","meta":{"_eb_attr":"","footnotes":""},"categories":[43],"tags":[],"_links":{"self":[{"href":"https:\/\/informedesalud.com.do\/index.php?rest_route=\/wp\/v2\/posts\/6936"}],"collection":[{"href":"https:\/\/informedesalud.com.do\/index.php?rest_route=\/wp\/v2\/posts"}],"about":[{"href":"https:\/\/informedesalud.com.do\/index.php?rest_route=\/wp\/v2\/types\/post"}],"author":[{"embeddable":true,"href":"https:\/\/informedesalud.com.do\/index.php?rest_route=\/wp\/v2\/users\/1"}],"replies":[{"embeddable":true,"href":"https:\/\/informedesalud.com.do\/index.php?rest_route=%2Fwp%2Fv2%2Fcomments&post=6936"}],"version-history":[{"count":1,"href":"https:\/\/informedesalud.com.do\/index.php?rest_route=\/wp\/v2\/posts\/6936\/revisions"}],"predecessor-version":[{"id":6948,"href":"https:\/\/informedesalud.com.do\/index.php?rest_route=\/wp\/v2\/posts\/6936\/revisions\/6948"}],"wp:featuredmedia":[{"embeddable":true,"href":"https:\/\/informedesalud.com.do\/index.php?rest_route=\/wp\/v2\/media\/6947"}],"wp:attachment":[{"href":"https:\/\/informedesalud.com.do\/index.php?rest_route=%2Fwp%2Fv2%2Fmedia&parent=6936"}],"wp:term":[{"taxonomy":"category","embeddable":true,"href":"https:\/\/informedesalud.com.do\/index.php?rest_route=%2Fwp%2Fv2%2Fcategories&post=6936"},{"taxonomy":"post_tag","embeddable":true,"href":"https:\/\/informedesalud.com.do\/index.php?rest_route=%2Fwp%2Fv2%2Ftags&post=6936"}],"curies":[{"name":"wp","href":"https:\/\/api.w.org\/{rel}","templated":true}]}}