{"id":6931,"date":"2024-06-15T14:05:58","date_gmt":"2024-06-15T12:05:58","guid":{"rendered":"https:\/\/laconsultamedica.com.do\/?p=15489"},"modified":"2024-06-18T04:41:16","modified_gmt":"2024-06-18T02:41:16","slug":"presidente-luis-abinader-partio-a-suiza-para-participar-en-cumbre-sobre-la-paz-en-ucrania","status":"publish","type":"post","link":"https:\/\/informedesalud.com.do\/?p=6931","title":{"rendered":"Presidente Luis Abinader parti\u00f3 a Suiza para participar en Cumbre sobre La Paz en Ucrania"},"content":{"rendered":"<p>Santo Domingo, RD. \u2013 El presidente Luis Abinader parti\u00f3 desde el Aeropuerto Internacional Las Am\u00e9ricas Jos\u00e9 Francisco Pe\u00f1a G\u00f3mez, a las 5:37 de la tarde de este viernes, hacia la ciudad de Z\u00farich, Suiza, desde donde se trasladar\u00e1 a la ciudad de Lucerna.<\/p>\n<p>En este destino, el mandatario participar\u00e1 en la cumbre de Suiza cuyo objetivo es \u201cinspirar un futuro proceso de paz\u201d en Ucrania.<\/p>\n<p>La misma se celebrar\u00e1 este s\u00e1bado 15 y domingo 16 de junio y asistir\u00e1n jefes de estado y de gobierno y representantes de m\u00e1s de 90 pa\u00edses.<\/p>\n<p>Acompa\u00f1an al presidente Abinader, el ministro de Relaciones Exteriores, Roberto \u00c1lvarez; el encargado de la Secretar\u00eda General del Gabinete del Presidente, Eilyn Beltr\u00e1n; el jefe del Cuerpo de Seguridad Presidencial, mayor general Jimmy Arias y el director de Prensa del Presidente, Daniel Garc\u00eda Archibald.<\/p>\n<p>De igual forma, en el encuentro se llevar\u00e1n a cabo jornadas de trabajo en torno a temas como la seguridad alimentaria.<\/p>\n<p>El mandatario dominicano estar\u00e1 de regreso el domingo, en horas de la noche.<\/p>\n","protected":false},"excerpt":{"rendered":"<p>Santo Domingo,&#8230;<\/p>\n","protected":false},"author":1,"featured_media":6972,"comment_status":"closed","ping_status":"closed","sticky":false,"template":"","format":"standard","meta":{"_eb_attr":"","footnotes":""},"categories":[36],"tags":[],"_links":{"self":[{"href":"https:\/\/informedesalud.com.do\/index.php?rest_route=\/wp\/v2\/posts\/6931"}],"collection":[{"href":"https:\/\/informedesalud.com.do\/index.php?rest_route=\/wp\/v2\/posts"}],"about":[{"href":"https:\/\/informedesalud.com.do\/index.php?rest_route=\/wp\/v2\/types\/post"}],"author":[{"embeddable":true,"href":"https:\/\/informedesalud.com.do\/index.php?rest_route=\/wp\/v2\/users\/1"}],"replies":[{"embeddable":true,"href":"https:\/\/informedesalud.com.do\/index.php?rest_route=%2Fwp%2Fv2%2Fcomments&post=6931"}],"version-history":[{"count":1,"href":"https:\/\/informedesalud.com.do\/index.php?rest_route=\/wp\/v2\/posts\/6931\/revisions"}],"predecessor-version":[{"id":6973,"href":"https:\/\/informedesalud.com.do\/index.php?rest_route=\/wp\/v2\/posts\/6931\/revisions\/6973"}],"wp:featuredmedia":[{"embeddable":true,"href":"https:\/\/informedesalud.com.do\/index.php?rest_route=\/wp\/v2\/media\/6972"}],"wp:attachment":[{"href":"https:\/\/informedesalud.com.do\/index.php?rest_route=%2Fwp%2Fv2%2Fmedia&parent=6931"}],"wp:term":[{"taxonomy":"category","embeddable":true,"href":"https:\/\/informedesalud.com.do\/index.php?rest_route=%2Fwp%2Fv2%2Fcategories&post=6931"},{"taxonomy":"post_tag","embeddable":true,"href":"https:\/\/informedesalud.com.do\/index.php?rest_route=%2Fwp%2Fv2%2Ftags&post=6931"}],"curies":[{"name":"wp","href":"https:\/\/api.w.org\/{rel}","templated":true}]}}