{"id":6877,"date":"2024-06-12T10:31:47","date_gmt":"2024-06-12T08:31:47","guid":{"rendered":"https:\/\/laconsultamedica.com.do\/?p=15401"},"modified":"2024-06-13T17:49:48","modified_gmt":"2024-06-13T15:49:48","slug":"cncs-y-map-firman-acuerdo-para-impulsar-proteccion-cibernetica-de-las-entidades-de-la-administracion-publica","status":"publish","type":"post","link":"https:\/\/informedesalud.com.do\/?p=6877","title":{"rendered":"CNCS y MAP firman\u00a0 acuerdo para impulsar protecci\u00f3n cibern\u00e9tica de las entidades de la Administraci\u00f3n P\u00fablica"},"content":{"rendered":"<p>Santo Domingo, RD. \u2013 El Centro Nacional De Ciberseguridad (CNCS) y el Ministerio de Administraci\u00f3n P\u00fablica (MAP) firmaron un convenio interinstitucional, mediante el cual se impulsar\u00e1 la aplicaci\u00f3n de una cultura nacional de ciberseguridad que se fundamente en la protecci\u00f3n efectiva del Estado dominicano, tal y como lo indica la Estrategia Nacional de Ciberseguridad 2030.<\/p>\n<p>El acuerdo, rubricado por el director ejecutivo del CNCS, general PN Juan Gabriel Gautreaux Mart\u00ednez y el titular del MAP, Dar\u00edo Castillo Lugo, tiene por objeto establecer un marco general de cooperaci\u00f3n y colaboraci\u00f3n interinstitucional, para impulsar y promover una cultura nacional de ciberseguridad,<br \/>\nque se fundamente en la protecci\u00f3n efectiva del Estado dominicano.<\/p>\n<p>Al hacer uso de la palabra, durante el acto de firma realizado, en la sede de este Ministerio, Castillo Lugo se\u00f1al\u00f3 que la firma de este convenio representa un paso importante en la transformaci\u00f3n digital que se encuentra ejecutando la Administraci\u00f3n P\u00fablica dominicana.<\/p>\n<p>Mientras que, el general Gautreaux Mart\u00ednez indic\u00f3 que, tras la rubricaci\u00f3n del pacto, el CNCS pone todas sus herramientas a disposici\u00f3n del MAP, para que puedan realizar una autoevaluaci\u00f3n en el tema de ciberseguridad y aplicar las mejoras que sean necesarias.<\/p>\n<figure class=\"wp-block-image size-large\"><img fetchpriority=\"high\" class=\"wp-image-15399\" decoding=\"async\" width=\"1024\" height=\"683\" src=\"https:\/\/laconsultamedica.com.do\/wp-content\/uploads\/2024\/06\/img-20240612-wa00125638970521656821639-1024x683.jpg\" alt=\"\" srcset=\"https:\/\/laconsultamedica.com.do\/wp-content\/uploads\/2024\/06\/img-20240612-wa00125638970521656821639-1024x683.jpg 1024w, https:\/\/laconsultamedica.com.do\/wp-content\/uploads\/2024\/06\/img-20240612-wa00125638970521656821639-300x200.jpg 300w, https:\/\/laconsultamedica.com.do\/wp-content\/uploads\/2024\/06\/img-20240612-wa00125638970521656821639-768x512.jpg 768w, https:\/\/laconsultamedica.com.do\/wp-content\/uploads\/2024\/06\/img-20240612-wa00125638970521656821639-1536x1024.jpg 1536w, https:\/\/laconsultamedica.com.do\/wp-content\/uploads\/2024\/06\/img-20240612-wa00125638970521656821639-750x500.jpg 750w, https:\/\/laconsultamedica.com.do\/wp-content\/uploads\/2024\/06\/img-20240612-wa00125638970521656821639-1140x760.jpg 1140w, https:\/\/laconsultamedica.com.do\/wp-content\/uploads\/2024\/06\/img-20240612-wa00125638970521656821639.jpg 1600w\" sizes=\"(max-width: 1024px) 100vw, 1024px\"><\/figure>\n<p>A trav\u00e9s del acuerdo,  ambas instituciones se comprometen a difundir el contenido de sus respectivas leyes y normativas reglamentarias; intercambiar pol\u00edticas, experiencias, conocimientos, mejores pr\u00e1cticas, material bibliogr\u00e1fico y normativo, estad\u00edsticas y cualesquiera otros materiales o know how que resulten de mutuo inter\u00e9s, adem\u00e1s de dise\u00f1ar y ejecutar tareas tendentes a compartir recursos humanos y tecnol\u00f3gicos.<\/p>\n<p>Adem\u00e1s, las instituciones se comprometen a  celebrar conferencias, seminarios, talleres, cursos, programas de formaci\u00f3n y otros encuentros acad\u00e9micos, que generen espacios para la discusi\u00f3n y el intercambio de experiencias y para la difusi\u00f3n de informaci\u00f3n a los ciudadanos, en materia de ciberseguridad y de uso responsable de las tecnolog\u00edas de la informaci\u00f3n.<\/p>\n<figure class=\"wp-block-image size-large\"><img class=\"wp-image-15400\" decoding=\"async\" width=\"1024\" height=\"683\" src=\"https:\/\/laconsultamedica.com.do\/wp-content\/uploads\/2024\/06\/img-20240612-wa00111403447226108581226-1024x683.jpg\" alt=\"\" srcset=\"https:\/\/laconsultamedica.com.do\/wp-content\/uploads\/2024\/06\/img-20240612-wa00111403447226108581226-1024x683.jpg 1024w, https:\/\/laconsultamedica.com.do\/wp-content\/uploads\/2024\/06\/img-20240612-wa00111403447226108581226-300x200.jpg 300w, https:\/\/laconsultamedica.com.do\/wp-content\/uploads\/2024\/06\/img-20240612-wa00111403447226108581226-768x512.jpg 768w, https:\/\/laconsultamedica.com.do\/wp-content\/uploads\/2024\/06\/img-20240612-wa00111403447226108581226-1536x1024.jpg 1536w, https:\/\/laconsultamedica.com.do\/wp-content\/uploads\/2024\/06\/img-20240612-wa00111403447226108581226-750x500.jpg 750w, https:\/\/laconsultamedica.com.do\/wp-content\/uploads\/2024\/06\/img-20240612-wa00111403447226108581226-1140x760.jpg 1140w, https:\/\/laconsultamedica.com.do\/wp-content\/uploads\/2024\/06\/img-20240612-wa00111403447226108581226.jpg 1600w\" sizes=\"(max-width: 1024px) 100vw, 1024px\"><\/figure>\n<p>De igual forma, a ejecutar de forma conjunta, proyectos de cooperaci\u00f3n de inter\u00e9s mutuo, contemplando una posible integraci\u00f3n de otras entidades del sector p\u00fablico y privado y de la sociedad civil;  colaborar en la transferencia e intercambio de conocimiento, informaci\u00f3n y experiencias para la implementaci\u00f3n de proyectos de ciberseguridad, tanto a nivel estrat\u00e9gico como a nivel operativo o t\u00e9cnico en el \u00e1mbito de la ciberseguridad y en las acciones coordinadas, dirigidas a la sensibilizaci\u00f3n, concienciaci\u00f3n, capacitaci\u00f3n y formaci\u00f3n en ciberseguridad.<\/p>\n<p>Para dar seguimiento al cumplimiento e implementaci\u00f3n de las actividades acordadas, se crear\u00e1 una mesa de trabajo que estar\u00e1 compuesta por cuatro personas, dos por cada instituci\u00f3n.<\/p>\n<p>Esa mesa de trabajo deber\u00e1 definir los principios y crear los mecanismos y procedimientos que permitan la implantaci\u00f3n y ejecuci\u00f3n efectiva de las actividades a desarrollar que est\u00e9n pautadas en el convenio.<\/p>\n","protected":false},"excerpt":{"rendered":"<p>Santo Domingo,&#8230;<\/p>\n","protected":false},"author":1,"featured_media":6891,"comment_status":"closed","ping_status":"closed","sticky":false,"template":"","format":"standard","meta":{"_eb_attr":"","footnotes":""},"categories":[36],"tags":[],"_links":{"self":[{"href":"https:\/\/informedesalud.com.do\/index.php?rest_route=\/wp\/v2\/posts\/6877"}],"collection":[{"href":"https:\/\/informedesalud.com.do\/index.php?rest_route=\/wp\/v2\/posts"}],"about":[{"href":"https:\/\/informedesalud.com.do\/index.php?rest_route=\/wp\/v2\/types\/post"}],"author":[{"embeddable":true,"href":"https:\/\/informedesalud.com.do\/index.php?rest_route=\/wp\/v2\/users\/1"}],"replies":[{"embeddable":true,"href":"https:\/\/informedesalud.com.do\/index.php?rest_route=%2Fwp%2Fv2%2Fcomments&post=6877"}],"version-history":[{"count":1,"href":"https:\/\/informedesalud.com.do\/index.php?rest_route=\/wp\/v2\/posts\/6877\/revisions"}],"predecessor-version":[{"id":6892,"href":"https:\/\/informedesalud.com.do\/index.php?rest_route=\/wp\/v2\/posts\/6877\/revisions\/6892"}],"wp:featuredmedia":[{"embeddable":true,"href":"https:\/\/informedesalud.com.do\/index.php?rest_route=\/wp\/v2\/media\/6891"}],"wp:attachment":[{"href":"https:\/\/informedesalud.com.do\/index.php?rest_route=%2Fwp%2Fv2%2Fmedia&parent=6877"}],"wp:term":[{"taxonomy":"category","embeddable":true,"href":"https:\/\/informedesalud.com.do\/index.php?rest_route=%2Fwp%2Fv2%2Fcategories&post=6877"},{"taxonomy":"post_tag","embeddable":true,"href":"https:\/\/informedesalud.com.do\/index.php?rest_route=%2Fwp%2Fv2%2Ftags&post=6877"}],"curies":[{"name":"wp","href":"https:\/\/api.w.org\/{rel}","templated":true}]}}