{"id":6868,"date":"2024-06-12T09:48:22","date_gmt":"2024-06-12T07:48:22","guid":{"rendered":"https:\/\/laconsultamedica.com.do\/?p=15370"},"modified":"2024-06-13T17:56:19","modified_gmt":"2024-06-13T15:56:19","slug":"grecia-cierra-las-escuelas-y-manda-a-teletrabajar-debido-a-ola-de-calor-con-hasta-43-grados","status":"publish","type":"post","link":"https:\/\/informedesalud.com.do\/?p=6868","title":{"rendered":"Grecia cierra las escuelas y manda a teletrabajar debido a ola de calor con hasta 43 grados"},"content":{"rendered":"<p>Las autoridades griegas han decidido cerrar las escuelas en algunas zonas del pa\u00eds y permitir\u00e1n el teletrabajo a los funcionarios como medidas de prevenci\u00f3n ante la ola de calor, con temperaturas de hasta 43 grados, que prev\u00e9 entre este martes y el jueves el Servicio Meteorol\u00f3gico Nacional (EMI).<\/p>\n<p>En algunas zonas y ciudades del pa\u00eds, como en la isla de Eubea, se ha decidido cerrar las escuelas de educaci\u00f3n primaria y las guarder\u00edas entre hoy y el jueves, mientras que en otras zonas estas funcionar\u00e1n s\u00f3lo hasta las 11.30, hora local.<\/p>\n<p>El Gobierno griego recomienda tambi\u00e9n evitar trabajar durante las horas de m\u00e1s calor, entre las 12:00 y las 17:00, a aquellos empleados cuyas tareas requieren que est\u00e9n al aire libre.<\/p>\n<p>Este martes se esperan temperaturas de hasta 41 grados en Grecia central y el sur del pa\u00eds, mientras que en las dem\u00e1s regiones las m\u00e1ximas oscilaran entre 36 y 39 grados.<\/p>\n<p>Las temperaturas en esta \u00e9poca del a\u00f1o suele oscilar entre 20 grados de m\u00ednima y 33 de m\u00e1xima, seg\u00fan las estad\u00edsticas.<\/p>\n<p>Seg\u00fan el EMI, el calor alcanzar\u00e1 su punto m\u00e1ximo el mi\u00e9rcoles y el jueves con temperaturas de hasta 43 grados en el sur y el centro del pa\u00eds, y hasta 42 grados en la regi\u00f3n de \u00c1tica, donde est\u00e1 Atenas.<\/p>\n<p>Muchos municipios mantienen ya abiertas salas y espacios con aire acondicionado para que los ciudadanos, especialmente las personas vulnerables como ancianos y ni\u00f1os, puedan refugiarse ah\u00ed.<\/p>\n<p>La temperatura comenzar\u00e1 a descender a partir del viernes pr\u00f3ximo y durante el fin de semana volver\u00e1 a niveles normales para la temporada.<\/p>\n","protected":false},"excerpt":{"rendered":"<p>Las autoridades&#8230;<\/p>\n","protected":false},"author":1,"featured_media":6907,"comment_status":"closed","ping_status":"closed","sticky":false,"template":"","format":"standard","meta":{"_eb_attr":"","footnotes":""},"categories":[37],"tags":[],"_links":{"self":[{"href":"https:\/\/informedesalud.com.do\/index.php?rest_route=\/wp\/v2\/posts\/6868"}],"collection":[{"href":"https:\/\/informedesalud.com.do\/index.php?rest_route=\/wp\/v2\/posts"}],"about":[{"href":"https:\/\/informedesalud.com.do\/index.php?rest_route=\/wp\/v2\/types\/post"}],"author":[{"embeddable":true,"href":"https:\/\/informedesalud.com.do\/index.php?rest_route=\/wp\/v2\/users\/1"}],"replies":[{"embeddable":true,"href":"https:\/\/informedesalud.com.do\/index.php?rest_route=%2Fwp%2Fv2%2Fcomments&post=6868"}],"version-history":[{"count":1,"href":"https:\/\/informedesalud.com.do\/index.php?rest_route=\/wp\/v2\/posts\/6868\/revisions"}],"predecessor-version":[{"id":6908,"href":"https:\/\/informedesalud.com.do\/index.php?rest_route=\/wp\/v2\/posts\/6868\/revisions\/6908"}],"wp:featuredmedia":[{"embeddable":true,"href":"https:\/\/informedesalud.com.do\/index.php?rest_route=\/wp\/v2\/media\/6907"}],"wp:attachment":[{"href":"https:\/\/informedesalud.com.do\/index.php?rest_route=%2Fwp%2Fv2%2Fmedia&parent=6868"}],"wp:term":[{"taxonomy":"category","embeddable":true,"href":"https:\/\/informedesalud.com.do\/index.php?rest_route=%2Fwp%2Fv2%2Fcategories&post=6868"},{"taxonomy":"post_tag","embeddable":true,"href":"https:\/\/informedesalud.com.do\/index.php?rest_route=%2Fwp%2Fv2%2Ftags&post=6868"}],"curies":[{"name":"wp","href":"https:\/\/api.w.org\/{rel}","templated":true}]}}