{"id":6830,"date":"2024-06-11T12:19:03","date_gmt":"2024-06-11T10:19:03","guid":{"rendered":"https:\/\/laconsultamedica.com.do\/?p=15325"},"modified":"2024-06-11T18:46:17","modified_gmt":"2024-06-11T16:46:17","slug":"habilitan-nuevo-laboratorio-clinico-en-ciudad-sanitaria-luis-eduardo-aybar","status":"publish","type":"post","link":"https:\/\/informedesalud.com.do\/?p=6830","title":{"rendered":"Habilitan nuevo laboratorio cl\u00ednico en Ciudad Sanitaria Luis Eduardo Aybar"},"content":{"rendered":"<p>SANTO DOMINGO.\u2013 En un acto encabezado por el director del Servicio Nacional de Salud (SNS), Mario Lama, fue puesto en funcionamiento este lunes un nuevo laboratorio cl\u00ednico en el Centro Especializado de Atenci\u00f3n Ambulatoria en Salud Dr. Nelson Astacio (Edificio de Consultas Externas), de la Ciudad Sanitaria Dr. Luis Eduardo Aybar.<\/p>\n<p>Mediante una nota de prensa, el SNS indic\u00f3 que el laboratorio cuenta con profesionales capacitados en el an\u00e1lisis cl\u00ednico y est\u00e1 equipado con tecnolog\u00eda de \u00faltima generaci\u00f3n; ha sido dise\u00f1ado para ofrecer servicios de tercer nivel de atenci\u00f3n, con amplia cartera de pruebas especializadas de hematolog\u00eda, qu\u00edmica cl\u00ednica, serolog\u00eda, uroan\u00e1lisis y otras pruebas especiales, fundamentales para el diagn\u00f3stico y tratamiento de diversas condiciones m\u00e9dicas.<\/p>\n<p>Yoany Arias, directora de Laboratorios e Im\u00e1genes del SNS, inform\u00f3 que la semana en curso se destinar\u00e1 a capacitar a las bioanalistas en el uso de los equipos, mientras que el servicio a la ciudadan\u00eda iniciar\u00e1 el lunes 17 de junio de 2024, en horario de ocho de la ma\u00f1ana a seis de la tarde; m\u00e1s adelante el laboratorio funcionar\u00e1 las 24 horas.<\/p>\n<figure class=\"wp-block-image size-large\"><img loading=\"lazy\" class=\"wp-image-15322\" loading=\"lazy\" decoding=\"async\" width=\"1024\" height=\"683\" src=\"https:\/\/laconsultamedica.com.do\/wp-content\/uploads\/2024\/06\/img_20240611_0559404895930562771920449-1024x683.jpg\" alt=\"\" srcset=\"https:\/\/laconsultamedica.com.do\/wp-content\/uploads\/2024\/06\/img_20240611_0559404895930562771920449-1024x683.jpg 1024w, https:\/\/laconsultamedica.com.do\/wp-content\/uploads\/2024\/06\/img_20240611_0559404895930562771920449-300x200.jpg 300w, https:\/\/laconsultamedica.com.do\/wp-content\/uploads\/2024\/06\/img_20240611_0559404895930562771920449-768x512.jpg 768w, https:\/\/laconsultamedica.com.do\/wp-content\/uploads\/2024\/06\/img_20240611_0559404895930562771920449-750x500.jpg 750w, https:\/\/laconsultamedica.com.do\/wp-content\/uploads\/2024\/06\/img_20240611_0559404895930562771920449.jpg 1080w\" sizes=\"(max-width: 1024px) 100vw, 1024px\"><\/figure>\n<p>Arias indic\u00f3 que pr\u00f3ximamente, en el nuevo laboratorio, se realizar\u00e1n pruebas de histocompatibilidad, por primera vez en la Red P\u00fablica, necesarias en pacientes que requieren trasplantes, \u00abEsto representar\u00e1 un ahorro a los usuarios que ya no tendr\u00e1n la necesidad de acudir al sector privado para recibir ese servicio, que es bastante costoso\u00bb.<\/p>\n<p>Mientras, Jos\u00e9 Joaqu\u00edn Puello, presidente de la Ciudad Sanitaria Dr. Luis Eduardo Aybar, destac\u00f3 que cuando las referidas pruebas est\u00e9n disponibles permitir\u00e1n ahorrar divisas al pa\u00eds, \u00abcada estudio que se env\u00eda a Estados Unidos tiene un costo muy elevado y se env\u00edan miles de pruebas todos los d\u00edas\u00bb.<\/p>\n<figure class=\"wp-block-image size-large\"><img loading=\"lazy\" class=\"wp-image-15323\" loading=\"lazy\" decoding=\"async\" width=\"1024\" height=\"683\" src=\"https:\/\/laconsultamedica.com.do\/wp-content\/uploads\/2024\/06\/img_20240611_0600104416303438749809048-1024x683.jpg\" alt=\"\" srcset=\"https:\/\/laconsultamedica.com.do\/wp-content\/uploads\/2024\/06\/img_20240611_0600104416303438749809048-1024x683.jpg 1024w, https:\/\/laconsultamedica.com.do\/wp-content\/uploads\/2024\/06\/img_20240611_0600104416303438749809048-300x200.jpg 300w, https:\/\/laconsultamedica.com.do\/wp-content\/uploads\/2024\/06\/img_20240611_0600104416303438749809048-768x512.jpg 768w, https:\/\/laconsultamedica.com.do\/wp-content\/uploads\/2024\/06\/img_20240611_0600104416303438749809048-750x500.jpg 750w, https:\/\/laconsultamedica.com.do\/wp-content\/uploads\/2024\/06\/img_20240611_0600104416303438749809048.jpg 1080w\" sizes=\"(max-width: 1024px) 100vw, 1024px\"><\/figure>\n<p>En el acto tambi\u00e9n estuvieron presentes Edison F\u00e9liz F\u00e9liz, director del Servicio Regional de Salud Metropolitano; Mart\u00edn Ortiz, director Materno Infantil y Adolescentes del SNS; Onnes Tapia, director del Centro Especializado de Atenci\u00f3n Ambulatoria en Salud Dr. Nelson Astacio y Natividad Carreras, encargada del laboratorio.<\/p>\n","protected":false},"excerpt":{"rendered":"<p>SANTO DOMINGO.\u2013&#8230;<\/p>\n","protected":false},"author":1,"featured_media":6836,"comment_status":"closed","ping_status":"closed","sticky":false,"template":"","format":"standard","meta":{"_eb_attr":"","footnotes":""},"categories":[1],"tags":[],"_links":{"self":[{"href":"https:\/\/informedesalud.com.do\/index.php?rest_route=\/wp\/v2\/posts\/6830"}],"collection":[{"href":"https:\/\/informedesalud.com.do\/index.php?rest_route=\/wp\/v2\/posts"}],"about":[{"href":"https:\/\/informedesalud.com.do\/index.php?rest_route=\/wp\/v2\/types\/post"}],"author":[{"embeddable":true,"href":"https:\/\/informedesalud.com.do\/index.php?rest_route=\/wp\/v2\/users\/1"}],"replies":[{"embeddable":true,"href":"https:\/\/informedesalud.com.do\/index.php?rest_route=%2Fwp%2Fv2%2Fcomments&post=6830"}],"version-history":[{"count":1,"href":"https:\/\/informedesalud.com.do\/index.php?rest_route=\/wp\/v2\/posts\/6830\/revisions"}],"predecessor-version":[{"id":6837,"href":"https:\/\/informedesalud.com.do\/index.php?rest_route=\/wp\/v2\/posts\/6830\/revisions\/6837"}],"wp:featuredmedia":[{"embeddable":true,"href":"https:\/\/informedesalud.com.do\/index.php?rest_route=\/wp\/v2\/media\/6836"}],"wp:attachment":[{"href":"https:\/\/informedesalud.com.do\/index.php?rest_route=%2Fwp%2Fv2%2Fmedia&parent=6830"}],"wp:term":[{"taxonomy":"category","embeddable":true,"href":"https:\/\/informedesalud.com.do\/index.php?rest_route=%2Fwp%2Fv2%2Fcategories&post=6830"},{"taxonomy":"post_tag","embeddable":true,"href":"https:\/\/informedesalud.com.do\/index.php?rest_route=%2Fwp%2Fv2%2Ftags&post=6830"}],"curies":[{"name":"wp","href":"https:\/\/api.w.org\/{rel}","templated":true}]}}