{"id":6829,"date":"2024-06-11T12:19:03","date_gmt":"2024-06-11T10:19:03","guid":{"rendered":"https:\/\/laconsultamedica.com.do\/?p=15333"},"modified":"2024-06-11T18:51:41","modified_gmt":"2024-06-11T16:51:41","slug":"gobierno-planea-instalar-1700-camaras-para-reforzar-seguridad-a-nivel-nacional","status":"publish","type":"post","link":"https:\/\/informedesalud.com.do\/?p=6829","title":{"rendered":"Gobierno planea instalar 1,700 c\u00e1maras para reforzar seguridad a nivel nacional"},"content":{"rendered":"<p>SANTO DOMINGO.- El ministro de la Presidencia, Joel Santos Echavarr\u00eda, anunci\u00f3 este lunes que el Gobierno tiene previsto instalar m\u00e1s c\u00e1maras de seguridad en todo el pa\u00eds, ya que estos dispositivos audiovisuales han contribuido significativamente a la resoluci\u00f3n de la mayor\u00eda de los casos delictivos y criminales registrados a nivel nacional.<\/p>\n<p>En este sentido, detall\u00f3 que desde agosto de 2020 a la fecha, se han instalado 1,500 nuevas c\u00e1maras y que en los pr\u00f3ximos 12 meses se planea instalar 1,700 adicionales, a trav\u00e9s del Sistema Nacional de Atenci\u00f3n a Emergencias y Seguridad Emergencias (9-1-1), que dirige el coronel Randolfo Rijo G\u00f3mez.<\/p>\n<p>Al concluir la reuni\u00f3n semanal de seguimiento al Plan de Seguridad Ciudadana, encabezada por el presidente de la Rep\u00fablica, Luis Abinader, en el Club de Oficiales de la Polic\u00eda Nacional, el ministro manifest\u00f3 que se est\u00e1n estableciendo acuerdos con diversas empresas privadas para a\u00f1adir las c\u00e1maras de seguridad que manejan.<\/p>\n<p>Estos convenios permitir\u00e1n a las autoridades acceder a im\u00e1genes en tiempo real, mejorando la capacidad de respuesta ante incidentes delictivos y fortaleciendo as\u00ed la seguridad en las comunidades, garantizando una vigilancia m\u00e1s efectiva en todo el pa\u00eds.<\/p>\n","protected":false},"excerpt":{"rendered":"<p>SANTO DOMINGO.-&#8230;<\/p>\n","protected":false},"author":1,"featured_media":6844,"comment_status":"closed","ping_status":"closed","sticky":false,"template":"","format":"standard","meta":{"_eb_attr":"","footnotes":""},"categories":[36],"tags":[],"_links":{"self":[{"href":"https:\/\/informedesalud.com.do\/index.php?rest_route=\/wp\/v2\/posts\/6829"}],"collection":[{"href":"https:\/\/informedesalud.com.do\/index.php?rest_route=\/wp\/v2\/posts"}],"about":[{"href":"https:\/\/informedesalud.com.do\/index.php?rest_route=\/wp\/v2\/types\/post"}],"author":[{"embeddable":true,"href":"https:\/\/informedesalud.com.do\/index.php?rest_route=\/wp\/v2\/users\/1"}],"replies":[{"embeddable":true,"href":"https:\/\/informedesalud.com.do\/index.php?rest_route=%2Fwp%2Fv2%2Fcomments&post=6829"}],"version-history":[{"count":1,"href":"https:\/\/informedesalud.com.do\/index.php?rest_route=\/wp\/v2\/posts\/6829\/revisions"}],"predecessor-version":[{"id":6845,"href":"https:\/\/informedesalud.com.do\/index.php?rest_route=\/wp\/v2\/posts\/6829\/revisions\/6845"}],"wp:featuredmedia":[{"embeddable":true,"href":"https:\/\/informedesalud.com.do\/index.php?rest_route=\/wp\/v2\/media\/6844"}],"wp:attachment":[{"href":"https:\/\/informedesalud.com.do\/index.php?rest_route=%2Fwp%2Fv2%2Fmedia&parent=6829"}],"wp:term":[{"taxonomy":"category","embeddable":true,"href":"https:\/\/informedesalud.com.do\/index.php?rest_route=%2Fwp%2Fv2%2Fcategories&post=6829"},{"taxonomy":"post_tag","embeddable":true,"href":"https:\/\/informedesalud.com.do\/index.php?rest_route=%2Fwp%2Fv2%2Ftags&post=6829"}],"curies":[{"name":"wp","href":"https:\/\/api.w.org\/{rel}","templated":true}]}}