{"id":6827,"date":"2024-06-11T12:19:03","date_gmt":"2024-06-11T10:19:03","guid":{"rendered":"https:\/\/laconsultamedica.com.do\/?p=15330"},"modified":"2024-06-11T18:43:37","modified_gmt":"2024-06-11T16:43:37","slug":"ministro-de-salud-victor-atallah-presenta-la-campana-ganemosle-al-dengue","status":"publish","type":"post","link":"https:\/\/informedesalud.com.do\/?p=6827","title":{"rendered":"Ministro de Salud, Victor Atallah presenta la campa\u00f1a \u201cGan\u00e9mosle al Dengue"},"content":{"rendered":"<p>Santo Domingo R.D.*  \u2013 El ministro de Salud, V\u00edctor Atallah present\u00f3 este lunes la campa\u00f1a \u201cGan\u00e9mosle al Dengue\u201d durante La Semanal, que encabeza el presidente Luis Abinader en el Palacio Nacional. Esta iniciativa se enfoca en la prevenci\u00f3n y control del dengue en el pa\u00eds.<\/p>\n<p>En su discurso, el Ministro de Salud destac\u00f3 la relevancia de esta iniciativa, animando a los ciudadanos a unirse en la lucha contra el dengue con el lema: \u00a1Elimina, Limpia y Tapa! Indicando que la campa\u00f1a tiene como objetivo fortalecer la capacidad del sistema de salud para reducir la incidencia del dengue, mitigar los efectos causados por la enfermedad, y controlar los vectores a trav\u00e9s de una gesti\u00f3n central e intersectorial.<\/p>\n<p>Atallah inform\u00f3 que, hasta la fecha, se han eliminado 981,933 recipientes potenciales de criaderos de mosquitos en 280,098 viviendas. Adem\u00e1s, se encontraron 497,000 tanques en criaderos y se realizaron 1,937 fumigaciones, lo que result\u00f3 en el tratamiento de 453,000 recipientes. \u201cEstas acciones nos han permitido ser el tercer pa\u00eds con menos casos de dengue en la regi\u00f3n, a pesar de tener una poblaci\u00f3n similar a otros pa\u00edses con mayor incidencia,\u201d afirm\u00f3 el Atallah.<\/p>\n<figure class=\"wp-block-image size-large\"><img fetchpriority=\"high\" class=\"wp-image-15327\" decoding=\"async\" width=\"1024\" height=\"683\" src=\"https:\/\/laconsultamedica.com.do\/wp-content\/uploads\/2024\/06\/img-20240611-wa00061989612809492160979-1024x683.jpg\" alt=\"\" srcset=\"https:\/\/laconsultamedica.com.do\/wp-content\/uploads\/2024\/06\/img-20240611-wa00061989612809492160979-1024x683.jpg 1024w, https:\/\/laconsultamedica.com.do\/wp-content\/uploads\/2024\/06\/img-20240611-wa00061989612809492160979-300x200.jpg 300w, https:\/\/laconsultamedica.com.do\/wp-content\/uploads\/2024\/06\/img-20240611-wa00061989612809492160979-768x512.jpg 768w, https:\/\/laconsultamedica.com.do\/wp-content\/uploads\/2024\/06\/img-20240611-wa00061989612809492160979-1536x1025.jpg 1536w, https:\/\/laconsultamedica.com.do\/wp-content\/uploads\/2024\/06\/img-20240611-wa00061989612809492160979-750x500.jpg 750w, https:\/\/laconsultamedica.com.do\/wp-content\/uploads\/2024\/06\/img-20240611-wa00061989612809492160979-1140x760.jpg 1140w, https:\/\/laconsultamedica.com.do\/wp-content\/uploads\/2024\/06\/img-20240611-wa00061989612809492160979.jpg 2000w\" sizes=\"(max-width: 1024px) 100vw, 1024px\"><\/figure>\n<p>Durante la actividad, el presidente Luis Abinader present\u00f3 el spot publicitario de la campa\u00f1a.<\/p>\n<p>El Ministro tambi\u00e9n mencion\u00f3 que, al asumir su cargo en enero, se vaticin\u00f3 la posibilidad de un brote significativo de dengue motivado por alertas mundiales de importantes organizaciones como la OPS\/OMS. \u201cEste a\u00f1o se presentaba como el posible peor a\u00f1o de toda la historia en las Am\u00e9ricas en t\u00e9rminos de dengue,\u201d indic\u00f3. \u201cYa se han contabilizado m\u00e1s de 8.5 millones de casos en la regi\u00f3n, superando en un 300% las proyecciones anteriores\u201d, a\u00f1adi\u00f3.<\/p>\n<p>El funcionario, explic\u00f3 que, en respuesta a esta situaci\u00f3n, el gobierno dominicano, bajo la direcci\u00f3n del presidente Abinader, convoc\u00f3 un Consejo de Gobierno para hacer del dengue una prioridad nacional. \u201cEsta acci\u00f3n permiti\u00f3 la integraci\u00f3n de todos los sectores del gobierno, incluidos la Defensa Civil y el Ministerio de Educaci\u00f3n, en una campa\u00f1a intersectorial. La vicepresidenta (Raquel Pe\u00f1a), lider\u00f3 el lanzamiento del Plan Estrat\u00e9gico Nacional, que ha sido clave para mantener controlada la situaci\u00f3n y postergar el brote proyectado para abril\u201d, puntualiz\u00f3.<\/p>\n<figure class=\"wp-block-image size-large\"><img loading=\"lazy\" class=\"wp-image-15328\" loading=\"lazy\" decoding=\"async\" width=\"1024\" height=\"683\" src=\"https:\/\/laconsultamedica.com.do\/wp-content\/uploads\/2024\/06\/img-20240611-wa00053908451852072633841-1024x683.jpg\" alt=\"\" srcset=\"https:\/\/laconsultamedica.com.do\/wp-content\/uploads\/2024\/06\/img-20240611-wa00053908451852072633841-1024x683.jpg 1024w, https:\/\/laconsultamedica.com.do\/wp-content\/uploads\/2024\/06\/img-20240611-wa00053908451852072633841-300x200.jpg 300w, https:\/\/laconsultamedica.com.do\/wp-content\/uploads\/2024\/06\/img-20240611-wa00053908451852072633841-768x512.jpg 768w, https:\/\/laconsultamedica.com.do\/wp-content\/uploads\/2024\/06\/img-20240611-wa00053908451852072633841-1536x1025.jpg 1536w, https:\/\/laconsultamedica.com.do\/wp-content\/uploads\/2024\/06\/img-20240611-wa00053908451852072633841-750x500.jpg 750w, https:\/\/laconsultamedica.com.do\/wp-content\/uploads\/2024\/06\/img-20240611-wa00053908451852072633841-1140x760.jpg 1140w, https:\/\/laconsultamedica.com.do\/wp-content\/uploads\/2024\/06\/img-20240611-wa00053908451852072633841.jpg 2000w\" sizes=\"(max-width: 1024px) 100vw, 1024px\"><\/figure>\n<p>La campa\u00f1a se basa en tres pilares fundamentales: la prevenci\u00f3n, el control y la educaci\u00f3n. Incluye la revisi\u00f3n y control de criaderos, la eliminaci\u00f3n de recipientes que puedan acumular agua, y la fumigaci\u00f3n en \u00e1reas afectadas. Las 42 Direcciones Provinciales de Salud (DPS) trabajan conjuntamente para asegurar el \u00e9xito de estas medidas.<\/p>\n<p>Asimismo, se han implementado estrategias de capacitaci\u00f3n y educaci\u00f3n para el personal de salud y la comunidad. \u201cHemos distribuido protocolos y algoritmos cl\u00ednicos para asegurar que todos los pacientes reciban un tratamiento est\u00e1ndar,\u201d explic\u00f3 el ministro. \u201cAdem\u00e1s, hemos aumentado la cantidad de camas en hospitales y capacitado al personal m\u00e9dico para atender a los pacientes de manera eficiente.\u201d<\/p>\n<p>V\u00edctor Atallah agradeci\u00f3 a la prensa y a todos los sectores involucrados en la campa\u00f1a. \u201cLa participaci\u00f3n de la comunidad educativa y la integraci\u00f3n de todos los sectores gubernamentales y comunitarios son esenciales para el \u00e9xito de esta campa\u00f1a.Estamos seguros de que juntos podremos ganar esta batalla contra el dengue.\u201d concluy\u00f3.<\/p>\n","protected":false},"excerpt":{"rendered":"<p>Santo Domingo&#8230;<\/p>\n","protected":false},"author":1,"featured_media":6832,"comment_status":"closed","ping_status":"closed","sticky":false,"template":"","format":"standard","meta":{"_eb_attr":"","footnotes":""},"categories":[41],"tags":[],"_links":{"self":[{"href":"https:\/\/informedesalud.com.do\/index.php?rest_route=\/wp\/v2\/posts\/6827"}],"collection":[{"href":"https:\/\/informedesalud.com.do\/index.php?rest_route=\/wp\/v2\/posts"}],"about":[{"href":"https:\/\/informedesalud.com.do\/index.php?rest_route=\/wp\/v2\/types\/post"}],"author":[{"embeddable":true,"href":"https:\/\/informedesalud.com.do\/index.php?rest_route=\/wp\/v2\/users\/1"}],"replies":[{"embeddable":true,"href":"https:\/\/informedesalud.com.do\/index.php?rest_route=%2Fwp%2Fv2%2Fcomments&post=6827"}],"version-history":[{"count":1,"href":"https:\/\/informedesalud.com.do\/index.php?rest_route=\/wp\/v2\/posts\/6827\/revisions"}],"predecessor-version":[{"id":6833,"href":"https:\/\/informedesalud.com.do\/index.php?rest_route=\/wp\/v2\/posts\/6827\/revisions\/6833"}],"wp:featuredmedia":[{"embeddable":true,"href":"https:\/\/informedesalud.com.do\/index.php?rest_route=\/wp\/v2\/media\/6832"}],"wp:attachment":[{"href":"https:\/\/informedesalud.com.do\/index.php?rest_route=%2Fwp%2Fv2%2Fmedia&parent=6827"}],"wp:term":[{"taxonomy":"category","embeddable":true,"href":"https:\/\/informedesalud.com.do\/index.php?rest_route=%2Fwp%2Fv2%2Fcategories&post=6827"},{"taxonomy":"post_tag","embeddable":true,"href":"https:\/\/informedesalud.com.do\/index.php?rest_route=%2Fwp%2Fv2%2Ftags&post=6827"}],"curies":[{"name":"wp","href":"https:\/\/api.w.org\/{rel}","templated":true}]}}