{"id":6820,"date":"2024-06-10T11:40:42","date_gmt":"2024-06-10T09:40:42","guid":{"rendered":"https:\/\/laconsultamedica.com.do\/?p=15284"},"modified":"2024-06-11T18:55:39","modified_gmt":"2024-06-11T16:55:39","slug":"el-papa-pide-ayuda-humanitaria-para-gaza-agotada-por-la-guerra","status":"publish","type":"post","link":"https:\/\/informedesalud.com.do\/?p=6820","title":{"rendered":"El Papa pide ayuda humanitaria para Gaza agotada por la guerra"},"content":{"rendered":"<p>ROMA.- \u00abAnimo a la comunidad internacional a actuar urgentemente, con todos los medios, para acudir en ayuda de la poblaci\u00f3n de Gaza, agotada por la guerra\u00bb, ha dicho el Papa Francisco durante su bendici\u00f3n del domingo al mediod\u00eda. \u00abDebe permitirse que la ayuda humanitaria llegue a quienes la necesitan, y nadie puede impedirlo\u00bb.<\/p>\n<p>A su petici\u00f3n de que la ayuda humanitaria llegue urgentemente a los palestinos de Gaza ha a\u00f1adido que Israel y Ham\u00e1s acepten inmediatamente las propuestas de alto el fuego y liberaci\u00f3n de rehenes.<\/p>\n<p>Francisco tambi\u00e9n dio las gracias a Jordania, que esta semana acoger\u00e1 una conferencia internacional de ayuda humanitaria para los palestinos.<\/p>\n<p>Record\u00f3 que el s\u00e1bado se cumplieron 10 a\u00f1os de la oraci\u00f3n por la paz que organiz\u00f3 en los jardines del Vaticano, a la que asistieron el entonces presidente israel\u00ed, Shimon Peres, y el l\u00edder palestino, Mahmoud Abbas. \u00abEste encuentro demostr\u00f3 que es posible darse la mano y que para hacer la paz se necesita valor, mucho m\u00e1s valor que para hacer la guerra\u00bb, dijo.<\/p>\n<p>Francisco lanz\u00f3 su apoyo a las propuestas de alto el fuego y dijo que esperaba que los t\u00e9rminos fueran r\u00e1pidamente aceptados por ambas partes, aunque reconoci\u00f3 que las negociaciones \u00abno son f\u00e1ciles\u00bb.<\/p>\n<p>\u00abEspero que las propuestas de paz en todos los frentes que se han presentado y para la liberaci\u00f3n de los rehenes sean aceptadas inmediatamente por el bien de palestinos e israel\u00edes\u00bb, dijo.<\/p>\n<p>Adem\u00e1s, el Papa hizo un llamamiento a la paz en Ucrania y en Myanmar.<\/p>\n","protected":false},"excerpt":{"rendered":"<p>ROMA.- \u00abAnimo&#8230;<\/p>\n","protected":false},"author":1,"featured_media":6858,"comment_status":"closed","ping_status":"closed","sticky":false,"template":"","format":"standard","meta":{"_eb_attr":"","footnotes":""},"categories":[37],"tags":[],"_links":{"self":[{"href":"https:\/\/informedesalud.com.do\/index.php?rest_route=\/wp\/v2\/posts\/6820"}],"collection":[{"href":"https:\/\/informedesalud.com.do\/index.php?rest_route=\/wp\/v2\/posts"}],"about":[{"href":"https:\/\/informedesalud.com.do\/index.php?rest_route=\/wp\/v2\/types\/post"}],"author":[{"embeddable":true,"href":"https:\/\/informedesalud.com.do\/index.php?rest_route=\/wp\/v2\/users\/1"}],"replies":[{"embeddable":true,"href":"https:\/\/informedesalud.com.do\/index.php?rest_route=%2Fwp%2Fv2%2Fcomments&post=6820"}],"version-history":[{"count":1,"href":"https:\/\/informedesalud.com.do\/index.php?rest_route=\/wp\/v2\/posts\/6820\/revisions"}],"predecessor-version":[{"id":6859,"href":"https:\/\/informedesalud.com.do\/index.php?rest_route=\/wp\/v2\/posts\/6820\/revisions\/6859"}],"wp:featuredmedia":[{"embeddable":true,"href":"https:\/\/informedesalud.com.do\/index.php?rest_route=\/wp\/v2\/media\/6858"}],"wp:attachment":[{"href":"https:\/\/informedesalud.com.do\/index.php?rest_route=%2Fwp%2Fv2%2Fmedia&parent=6820"}],"wp:term":[{"taxonomy":"category","embeddable":true,"href":"https:\/\/informedesalud.com.do\/index.php?rest_route=%2Fwp%2Fv2%2Fcategories&post=6820"},{"taxonomy":"post_tag","embeddable":true,"href":"https:\/\/informedesalud.com.do\/index.php?rest_route=%2Fwp%2Fv2%2Ftags&post=6820"}],"curies":[{"name":"wp","href":"https:\/\/api.w.org\/{rel}","templated":true}]}}