{"id":6819,"date":"2024-06-10T11:40:42","date_gmt":"2024-06-10T09:40:42","guid":{"rendered":"https:\/\/laconsultamedica.com.do\/?p=15287"},"modified":"2024-06-11T18:54:18","modified_gmt":"2024-06-11T16:54:18","slug":"victor-rojas-todos-los-ninos-van-a-estar-asegurados","status":"publish","type":"post","link":"https:\/\/informedesalud.com.do\/?p=6819","title":{"rendered":"V\u00edctor Rojas: \u201cTodos los ni\u00f1os van a estar asegurados\u201d"},"content":{"rendered":"<p>La empresa Seguros Reservas aprob\u00f3 asegurar a todos los ni\u00f1os de los 8 pa\u00edses que competir\u00e1n en el Torneo Latino de Peque\u00f1as Ligas que se realizar\u00e1 en el pa\u00eds desde el 23 al 30 de junio.<\/p>\n<h3 class=\"wp-block-heading\">\u201cQuiero darles esa tranquilidad a todos los ni\u00f1os. Y les digo que es un seguro al mismo nivel del que damos a los jugadores profesionales de Lidom\u201d, dijo V\u00edctor Rojas VP de <a href=\"https:\/\/www.instagram.com\/victorrojasdj\/channel\/\" target=\"_blank\" rel=\"noreferrer noopener\">Seguros Reservas<\/a> al recibir a los ni\u00f1os.<\/h3>\n<p>John Carmona, presidente de la Academia La Javilla, casi llora de la emoci\u00f3n. \u00abEsto es un tremendo apoyo\u00bb, dijo Carmona.<\/p>\n<p>De inmediato, Rojas pidi\u00f3 los nombres y la fecha de nacimiento de cada uno de los ni\u00f1os de todos los pa\u00edses.<\/p>\n<p>Seguros Reservas se caracteriza por apoyar el deporte.<\/p>\n<p>De inmediato se produjo una reacci\u00f3n de la Little League en el extranjero, resaltando que ese es un tremendo paso para la seguridad de los ni\u00f1os.<\/p>\n<p>Las dedicatorias<\/p>\n<p>El Torneo Latino de Peque\u00f1as Ligas est\u00e1 dedicado al administrador del Banco de Reservas, Samuel Pereyra y al pelotero miembro del Sal\u00f3n de la Fama de los Cubs de Chicago, Aramis Ram\u00edrez.<\/p>\n<p>Los galardonados<\/p>\n<p>Ya fueron reconocidos los periodistas Leo Corpor\u00e1n, Dionisio Soldevila y Primitivo Cadette. Igualmente Frank Camilo, H\u00e9ctor G\u00f3mez y Orlando M\u00e9ndez.<\/p>\n<p>Tambi\u00e9n Mart\u00edn Rodr\u00edguez, Juan Carlos Santana, Jos\u00e9 Alberto Acosta y Natacha Batista.<\/p>\n<p>El Torneo Latino de Peque\u00f1as Ligas tendr\u00e1 transmisiones especiales por la televisi\u00f3n, radio y redes sociales.<\/p>\n<p>\u00abEs bueno que la gente sepa que este torneo es avalado por la organizaci\u00f3n mundial de Peque\u00f1as Ligas\u00bb, dijo Carmona.<\/p>\n<p>La inauguraci\u00f3n y clausura ser\u00e1n conducida por Franklin Mirabal, Sussy Jim\u00e9nez, Karen Ozuna y Penny B\u00e1ez.<\/p>\n<p>Es la academia de b\u00e9isbol con m\u00e1s \u00e9xitos en eventos internacionales celebrados en el pa\u00eds y el extranjero.<\/p>\n<p>Con 66 a\u00f1os de historia, La Javilla tiene un alto prestigio porque impera la disciplina, valores y educaci\u00f3n.<\/p>\n<p>Desde la Academia La Javilla han salido peloteros del nivel de Aramis Ram\u00edrez, electo al Sal\u00f3n de la Fama de los Cubs de Chicago.<\/p>\n<p>Igualmente Amed Rosario y Nomar Mazara, sin mencionar a decenas de jugadores que actualmente est\u00e1n en Ligas Menores en Estados Unidos.<\/p>\n","protected":false},"excerpt":{"rendered":"<p>La empresa&#8230;<\/p>\n","protected":false},"author":1,"featured_media":6854,"comment_status":"closed","ping_status":"closed","sticky":false,"template":"","format":"standard","meta":{"_eb_attr":"","footnotes":""},"categories":[43],"tags":[],"_links":{"self":[{"href":"https:\/\/informedesalud.com.do\/index.php?rest_route=\/wp\/v2\/posts\/6819"}],"collection":[{"href":"https:\/\/informedesalud.com.do\/index.php?rest_route=\/wp\/v2\/posts"}],"about":[{"href":"https:\/\/informedesalud.com.do\/index.php?rest_route=\/wp\/v2\/types\/post"}],"author":[{"embeddable":true,"href":"https:\/\/informedesalud.com.do\/index.php?rest_route=\/wp\/v2\/users\/1"}],"replies":[{"embeddable":true,"href":"https:\/\/informedesalud.com.do\/index.php?rest_route=%2Fwp%2Fv2%2Fcomments&post=6819"}],"version-history":[{"count":1,"href":"https:\/\/informedesalud.com.do\/index.php?rest_route=\/wp\/v2\/posts\/6819\/revisions"}],"predecessor-version":[{"id":6855,"href":"https:\/\/informedesalud.com.do\/index.php?rest_route=\/wp\/v2\/posts\/6819\/revisions\/6855"}],"wp:featuredmedia":[{"embeddable":true,"href":"https:\/\/informedesalud.com.do\/index.php?rest_route=\/wp\/v2\/media\/6854"}],"wp:attachment":[{"href":"https:\/\/informedesalud.com.do\/index.php?rest_route=%2Fwp%2Fv2%2Fmedia&parent=6819"}],"wp:term":[{"taxonomy":"category","embeddable":true,"href":"https:\/\/informedesalud.com.do\/index.php?rest_route=%2Fwp%2Fv2%2Fcategories&post=6819"},{"taxonomy":"post_tag","embeddable":true,"href":"https:\/\/informedesalud.com.do\/index.php?rest_route=%2Fwp%2Fv2%2Ftags&post=6819"}],"curies":[{"name":"wp","href":"https:\/\/api.w.org\/{rel}","templated":true}]}}