{"id":6703,"date":"2024-06-08T10:15:23","date_gmt":"2024-06-08T08:15:23","guid":{"rendered":"https:\/\/laconsultamedica.com.do\/?p=15248"},"modified":"2024-06-10T00:58:48","modified_gmt":"2024-06-09T22:58:48","slug":"conape-y-afp-popular-continuan-construccion-de-hogar-de-dia-en-pedernales-para-optimar-la-atencion-a-los-adultos-mayores","status":"publish","type":"post","link":"https:\/\/informedesalud.com.do\/?p=6703","title":{"rendered":"CONAPE y AFP Popular contin\u00faan construcci\u00f3n de Hogar de D\u00eda en Pedernales para optimar la atenci\u00f3n a los adultos mayores"},"content":{"rendered":"<p>Pedernales- La atenci\u00f3n integral a los adultos mayores de Pedernales experimenta un giro positivo con los avances en la construcci\u00f3n de un hogar de d\u00eda que acoger\u00e1 a los envejecientes del lugar, eficientizando los servicios que reciben en cumplimiento de la Ley 352-98 de protecci\u00f3n al envejeciente.<\/p>\n<p>La construcci\u00f3n del Hogar de D\u00eda para adultos mayores Clemente P\u00e9rez, en el municipio de Pedernales, es ejecutada por el Consejo Nacional de la Persona Envejeciente (CONAPE) y la Administradora de Fondos de Pensiones Popular (AFP Popular), en el marco de las mejoras que se realizan en los servicios ofrecidos a las personas de edad.<\/p>\n<p>El director ejecutivo del CONAPE, Jos\u00e9 Garc\u00eda Ram\u00edrez, precis\u00f3 que, debido a su vulnerabilidad, los adultos mayores de esta comunidad requieren atenci\u00f3n. En ese sentido, dijo que la familia, la comunidad, la sociedad y el Estado tienen el deber de garantizar su protecci\u00f3n.<\/p>\n<p>Ir a LaSeguridadSocial.Do<br \/>\nPrevio al inicio de esta construcci\u00f3n, el CONAPE firm\u00f3 un acuerdo con varias instituciones que intervendr\u00e1n en la obra, la cual se construye con una inversi\u00f3n superior a los 9 millones de pesos, aportados por la AFP Popular.<\/p>\n<p>El hogar se levanta en el sector Alcoa, en un terreno de 1,552.52 metros cuadrados cedido por la Direcci\u00f3n General de Bienes Nacionales, a trav\u00e9s de la Alcald\u00eda Municipal, y cuenta con el apoyo del Gobierno, la Gobernaci\u00f3n Provincial y la asesor\u00eda del Fondo de Poblaci\u00f3n de las Naciones Unidas (UNFPA).<\/p>\n<p>El CONAPE ya trabaja en la elecci\u00f3n y suministro de mobiliarios y equipos, el dise\u00f1o de las oficinas, la estancia y los espacios del hogar, adem\u00e1s de la selecci\u00f3n de los recursos humanos que ser\u00e1n su responsabilidad, garantizados en el presupuesto de la instituci\u00f3n y avalados por disposici\u00f3n del presidente Luis Abinader.<\/p>\n<p>Garc\u00eda Ram\u00edrez indic\u00f3 que los adultos mayores de Pedernales ya tienen garantizados los programas y servicios que ejecuta la instituci\u00f3n en los \u00e1mbitos de salud, educaci\u00f3n, cultura, recreaci\u00f3n y transferencias econ\u00f3micas, cumpliendo as\u00ed con sus derechos para una vida digna, como lo establece la Ley 352-98.<\/p>\n<p>El CONAPE est\u00e1 inmerso en reformas, modernizaci\u00f3n y construcci\u00f3n de Hogares de D\u00eda en todo el pa\u00eds, para dar cumplimiento a sus planes, metas y objetivos enfocados en mejorar la calidad de vida de las personas de edad.<\/p>\n<p>Las autoridades involucradas en la construcci\u00f3n del Hogar de D\u00eda Clemente P\u00e9rez, entre ellas la gobernadora de la provincia Pedernales, Altagracia Brea, y el ministro de la Presidencia, realizaron un acto en el lugar donde se construye la obra.<\/p>\n<p>En la actividad estuvieron presentes el consultor jur\u00eddico del CONAPE, licenciado Juan Ure\u00f1a; la asesora del director del CONAPE, arquitecta Cecilia Mu\u00f1oz; la gobernadora civil de Pedernales, Altagracia Brea de Gonz\u00e1lez; el alcalde del municipio de Pedernales, Alfredo Frances; y la regidora Altagracia Medrano, entre otros.<\/p>\n","protected":false},"excerpt":{"rendered":"<p>Pedernales- La&#8230;<\/p>\n","protected":false},"author":1,"featured_media":6773,"comment_status":"closed","ping_status":"closed","sticky":false,"template":"","format":"standard","meta":{"_eb_attr":"","footnotes":""},"categories":[43],"tags":[],"_links":{"self":[{"href":"https:\/\/informedesalud.com.do\/index.php?rest_route=\/wp\/v2\/posts\/6703"}],"collection":[{"href":"https:\/\/informedesalud.com.do\/index.php?rest_route=\/wp\/v2\/posts"}],"about":[{"href":"https:\/\/informedesalud.com.do\/index.php?rest_route=\/wp\/v2\/types\/post"}],"author":[{"embeddable":true,"href":"https:\/\/informedesalud.com.do\/index.php?rest_route=\/wp\/v2\/users\/1"}],"replies":[{"embeddable":true,"href":"https:\/\/informedesalud.com.do\/index.php?rest_route=%2Fwp%2Fv2%2Fcomments&post=6703"}],"version-history":[{"count":1,"href":"https:\/\/informedesalud.com.do\/index.php?rest_route=\/wp\/v2\/posts\/6703\/revisions"}],"predecessor-version":[{"id":6774,"href":"https:\/\/informedesalud.com.do\/index.php?rest_route=\/wp\/v2\/posts\/6703\/revisions\/6774"}],"wp:featuredmedia":[{"embeddable":true,"href":"https:\/\/informedesalud.com.do\/index.php?rest_route=\/wp\/v2\/media\/6773"}],"wp:attachment":[{"href":"https:\/\/informedesalud.com.do\/index.php?rest_route=%2Fwp%2Fv2%2Fmedia&parent=6703"}],"wp:term":[{"taxonomy":"category","embeddable":true,"href":"https:\/\/informedesalud.com.do\/index.php?rest_route=%2Fwp%2Fv2%2Fcategories&post=6703"},{"taxonomy":"post_tag","embeddable":true,"href":"https:\/\/informedesalud.com.do\/index.php?rest_route=%2Fwp%2Fv2%2Ftags&post=6703"}],"curies":[{"name":"wp","href":"https:\/\/api.w.org\/{rel}","templated":true}]}}