{"id":6700,"date":"2024-06-08T10:15:23","date_gmt":"2024-06-08T08:15:23","guid":{"rendered":"https:\/\/laconsultamedica.com.do\/?p=15259"},"modified":"2024-06-10T00:56:23","modified_gmt":"2024-06-09T22:56:23","slug":"presidente-abinader-entrega-museo-de-la-catedral-de-santo-domingo-que-fortalecera-la-oferta-turistica-cultural-y-religiosa-del-centro-historico","status":"publish","type":"post","link":"https:\/\/informedesalud.com.do\/?p=6700","title":{"rendered":"Presidente Abinader entrega Museo de la Catedral de Santo Domingo que fortalecer\u00e1 la oferta tur\u00edstica, cultural y religiosa del centro hist\u00f3rico"},"content":{"rendered":"<p>Santo Domingo.- El presidente Luis Abinader encabez\u00f3 este jueves el acto de apertura y entrega del Museo de la Catedral de Santo Domingo, en la Ciudad Colonial, un recinto renovado y modernizado, destinado a fortalecer la oferta tur\u00edstica, cultural y religiosa del centro hist\u00f3rico.<\/p>\n<p>La recuperaci\u00f3n de este recinto forma parte de los 28 proyectos que ejecuta el Programa Integral de Desarrollo Tur\u00edstico y Urbano de la Ciudad Colonial de Santo Domingo (PIDTUCCSD).<\/p>\n<p>El presidente Luis Abinader describi\u00f3 el museo como un verdadero tesoro y una parte invaluable de la Ciudad Colonial y resalt\u00f3 la importancia de este nuevo museo. \u201cEste museo es un verdadero tesoro y forma parte del gran tesoro que es la Ciudad Colonial. Este patrimonio vale m\u00e1s que una mina de oro\u201d.<\/p>\n<p>Consider\u00f3 que esto tiene un valor hist\u00f3rico, tur\u00edstico y representa todo lo que es la cultura del pa\u00eds, desde la evangelizaci\u00f3n hasta la inmigraci\u00f3n que ha llegado a la Rep\u00fablica Dominicana.<\/p>\n<p>El mandatario, quien estuvo acompa\u00f1ado de la primera dama Raquel Arbaje, subray\u00f3 el compromiso de su gobierno con la conservaci\u00f3n y promoci\u00f3n de los museos en la Ciudad Colonial, a los cuales dijo, ha dado especial atenci\u00f3n y seguir\u00e1 promoviendo, porque son un patrimonio y el depositario de toda la cultura.<\/p>\n<p>En otro orden, el gobernante expres\u00f3 su deseo de convertir la Ciudad Colonial en una zona tem\u00e1tica, destacando la riqueza religiosa de la zona. \u201cSo\u00f1amos con que esto sea una zona tem\u00e1tica, que las 13 iglesias y dos catedrales que tenemos puedan formar parte de un tour especial de turismo religioso\u201d.<\/p>\n<figure class=\"wp-block-image size-large\"><img loading=\"lazy\" class=\"wp-image-15256\" loading=\"lazy\" decoding=\"async\" width=\"1024\" height=\"683\" src=\"https:\/\/laconsultamedica.com.do\/wp-content\/uploads\/2024\/06\/whatsapp-image-2024-06-06-at-34439517776101659052-1024x683.jpg\" alt=\"\" srcset=\"https:\/\/laconsultamedica.com.do\/wp-content\/uploads\/2024\/06\/whatsapp-image-2024-06-06-at-34439517776101659052-1024x683.jpg 1024w, https:\/\/laconsultamedica.com.do\/wp-content\/uploads\/2024\/06\/whatsapp-image-2024-06-06-at-34439517776101659052-300x200.jpg 300w, https:\/\/laconsultamedica.com.do\/wp-content\/uploads\/2024\/06\/whatsapp-image-2024-06-06-at-34439517776101659052-768x512.jpg 768w, https:\/\/laconsultamedica.com.do\/wp-content\/uploads\/2024\/06\/whatsapp-image-2024-06-06-at-34439517776101659052-1536x1025.jpg 1536w, https:\/\/laconsultamedica.com.do\/wp-content\/uploads\/2024\/06\/whatsapp-image-2024-06-06-at-34439517776101659052-750x500.jpg 750w, https:\/\/laconsultamedica.com.do\/wp-content\/uploads\/2024\/06\/whatsapp-image-2024-06-06-at-34439517776101659052-1140x760.jpg 1140w, https:\/\/laconsultamedica.com.do\/wp-content\/uploads\/2024\/06\/whatsapp-image-2024-06-06-at-34439517776101659052.jpg 2000w\" sizes=\"(max-width: 1024px) 100vw, 1024px\"><\/figure>\n<p>Una clara visi\u00f3n de gobierno<\/p>\n<p>De su lado, el ministro de Turismo, David Collado, defini\u00f3 la entrega del este museo como la joya de la corona y destac\u00f3 que, desde su llegada al gobierno, el presidente Luis Abinader ha tenido una clara visi\u00f3n para la Ciudad Colonial, de convertirla en una zona tem\u00e1tica, un lugar donde las familias puedan ir por las ma\u00f1anas, disfrutar de la gastronom\u00eda local y recorrer toda la Ciudad Colonial.<\/p>\n<p>Asimismo, la primera directora del Voluntariado del Museo de la Catedral, Fabiola Herrera, expres\u00f3 su agradecimiento al presiente Luis Abinader, por su inter\u00e9s, seguimiento, disposici\u00f3n y su gran fe.<\/p>\n<p>Mientras que, el coordinador General del Programa Integral de Desarrollo Tur\u00edstico y Urbano de la Ciudad Colonial, Amin Abel, resalt\u00f3 el alto impacto que tendr\u00e1 este museo en el fortalecimiento de la oferta tur\u00edstica, aportando elevar la competitividad de la Rep\u00fablica Dominicana como destino l\u00edder en el Caribe y agreg\u00f3 que, de manera especial viene a contribuir con la preservaci\u00f3n de la riqueza que ostenta la Ciudad Colonial como Patrimonio de la Humanidad.<\/p>\n<p>En representaci\u00f3n del Arzobispado de Santo Domingo, habl\u00f3 monse\u00f1or Lorenzo Vargas, quien apunt\u00f3 que este museo ser\u00e1 un memorial permanente del amor de Dios por el pueblo dominicano y agradeci\u00f3 el apoyo del Gobierno dominicano, y el inter\u00e9s y entusiasmo del presidente Abinader por ver concluida esta obra.<\/p>\n<p>La bendici\u00f3n del acto estuvo a cargo del arzobispo Metropolitano de Santo Domingo, monse\u00f1or Francisco Ozoria.<\/p>\n<figure class=\"wp-block-image size-large\"><img loading=\"lazy\" class=\"wp-image-15258\" loading=\"lazy\" decoding=\"async\" width=\"1024\" height=\"683\" src=\"https:\/\/laconsultamedica.com.do\/wp-content\/uploads\/2024\/06\/whatsapp-image-2024-06-06-at-35119187713453108915-1024x683.jpg\" alt=\"\" srcset=\"https:\/\/laconsultamedica.com.do\/wp-content\/uploads\/2024\/06\/whatsapp-image-2024-06-06-at-35119187713453108915-1024x683.jpg 1024w, https:\/\/laconsultamedica.com.do\/wp-content\/uploads\/2024\/06\/whatsapp-image-2024-06-06-at-35119187713453108915-300x200.jpg 300w, https:\/\/laconsultamedica.com.do\/wp-content\/uploads\/2024\/06\/whatsapp-image-2024-06-06-at-35119187713453108915-768x512.jpg 768w, https:\/\/laconsultamedica.com.do\/wp-content\/uploads\/2024\/06\/whatsapp-image-2024-06-06-at-35119187713453108915-1536x1025.jpg 1536w, https:\/\/laconsultamedica.com.do\/wp-content\/uploads\/2024\/06\/whatsapp-image-2024-06-06-at-35119187713453108915-750x500.jpg 750w, https:\/\/laconsultamedica.com.do\/wp-content\/uploads\/2024\/06\/whatsapp-image-2024-06-06-at-35119187713453108915-1140x760.jpg 1140w, https:\/\/laconsultamedica.com.do\/wp-content\/uploads\/2024\/06\/whatsapp-image-2024-06-06-at-35119187713453108915.jpg 2000w\" sizes=\"(max-width: 1024px) 100vw, 1024px\"><\/figure>\n<p>Museo<\/p>\n<p>Los trabajos ejecutados en el Museo de la Catedral incluyeron su readecuaci\u00f3n arquitect\u00f3nica, la curadur\u00eda y elaboraci\u00f3n de sus contenidos museogr\u00e1ficos, apoyados en el uso de avanzada tecnolog\u00eda.<\/p>\n<p>La rehabilitaci\u00f3n a su infraestructura incluy\u00f3 el reacondicionamiento de todos sus espacios, abarcando la habilitaci\u00f3n de doce salas que poseen elementos interactivos, did\u00e1cticos e inmersivos. Asimismo, como la restauraci\u00f3n y adecuaci\u00f3n de todas las piezas para su exhibici\u00f3n.<\/p>\n<p>Al acto de entrega del Museo de la Catedral de Santo Domingo asistieron, el presidente del Partido Revolucionario Moderno (PRM), Jos\u00e9 Ignacio Paliza; los directores de Politur, general de brigada Minoru Matsunaga; de Patrimonio Monumental, Juan Mubarak; de Museos, Carlos \u00c1ndujar y los viceministros de Destinos, Patricia Mej\u00eda; de Patrimonio Cultural Gamal Michel\u00e9n.<\/p>\n<p>Igualmente estuvieron presentes el nuncio Apost\u00f3lico de la Santa Sede en la Rep\u00fablica Dominicana, Piergiorgio Bertoldi; el embajador de Espa\u00f1a en Santo Domingo, Antonio P\u00e9rez-Hern\u00e1ndez y Torra; el fundador de Grupo Punta Cana, Frank Rainieri; el presidente del Banco BHD, Steven Puig; el coordinador del desarrollo tur\u00edstico de la Zona Colonial, Am\u00edn Abel Santos, entre otros.<\/p>\n","protected":false},"excerpt":{"rendered":"<p>Santo Domingo.-&#8230;<\/p>\n","protected":false},"author":1,"featured_media":6769,"comment_status":"closed","ping_status":"closed","sticky":false,"template":"","format":"standard","meta":{"_eb_attr":"","footnotes":""},"categories":[43],"tags":[],"_links":{"self":[{"href":"https:\/\/informedesalud.com.do\/index.php?rest_route=\/wp\/v2\/posts\/6700"}],"collection":[{"href":"https:\/\/informedesalud.com.do\/index.php?rest_route=\/wp\/v2\/posts"}],"about":[{"href":"https:\/\/informedesalud.com.do\/index.php?rest_route=\/wp\/v2\/types\/post"}],"author":[{"embeddable":true,"href":"https:\/\/informedesalud.com.do\/index.php?rest_route=\/wp\/v2\/users\/1"}],"replies":[{"embeddable":true,"href":"https:\/\/informedesalud.com.do\/index.php?rest_route=%2Fwp%2Fv2%2Fcomments&post=6700"}],"version-history":[{"count":1,"href":"https:\/\/informedesalud.com.do\/index.php?rest_route=\/wp\/v2\/posts\/6700\/revisions"}],"predecessor-version":[{"id":6770,"href":"https:\/\/informedesalud.com.do\/index.php?rest_route=\/wp\/v2\/posts\/6700\/revisions\/6770"}],"wp:featuredmedia":[{"embeddable":true,"href":"https:\/\/informedesalud.com.do\/index.php?rest_route=\/wp\/v2\/media\/6769"}],"wp:attachment":[{"href":"https:\/\/informedesalud.com.do\/index.php?rest_route=%2Fwp%2Fv2%2Fmedia&parent=6700"}],"wp:term":[{"taxonomy":"category","embeddable":true,"href":"https:\/\/informedesalud.com.do\/index.php?rest_route=%2Fwp%2Fv2%2Fcategories&post=6700"},{"taxonomy":"post_tag","embeddable":true,"href":"https:\/\/informedesalud.com.do\/index.php?rest_route=%2Fwp%2Fv2%2Ftags&post=6700"}],"curies":[{"name":"wp","href":"https:\/\/api.w.org\/{rel}","templated":true}]}}