{"id":6685,"date":"2024-06-06T13:22:14","date_gmt":"2024-06-06T11:22:14","guid":{"rendered":"https:\/\/laconsultamedica.com.do\/?p=15181"},"modified":"2024-06-10T00:49:36","modified_gmt":"2024-06-09T22:49:36","slug":"ministro-economia-plantea-necesidad-de-reformas-estructurales-en-r-dominicana","status":"publish","type":"post","link":"https:\/\/informedesalud.com.do\/?p=6685","title":{"rendered":"Ministro Econom\u00eda plantea necesidad de reformas estructurales en R. Dominicana"},"content":{"rendered":"<p>El ministro de Econom\u00eda, Planificaci\u00f3n y Desarrollo, P\u00e1vel Isa Contreras, destac\u00f3 la necesidad de llevar a cabo una serie de reformas estructurales en Rep\u00fablica Dominicana para garantizar un desarrollo sostenible y una mayor calidad en los servicios p\u00fablicos. Las declaraciones del ministro abarcaron desde la reforma fiscal hasta la reestructuraci\u00f3n del sector el\u00e9ctrico y la seguridad social.<\/p>\n<p>Al ser abordado por la prensa, enfatiz\u00f3 que la reforma fiscal es esencial para dotar al Estado de los recursos necesarios para satisfacer las demandas de la ciudadan\u00eda y promover la transformaci\u00f3n productiva del pa\u00eds. \u201cEs imprescindible un reordenamiento impositivo que permita elevar las recaudaciones tributarias y fortalecer la capacidad del Estado para invertir en \u00e1reas prioritarias\u201d, declar\u00f3.<\/p>\n<p>Uno de los puntos destacados que abord\u00f3 fue la atenci\u00f3n primaria en salud, un \u00e1rea donde Rep\u00fablica Dominicana tiene una deuda hist\u00f3rica, entiende. Isa Contreras destac\u00f3 la importancia de fortalecer la capacidad del sistema de salud para atender en el primer nivel, lo que reducir\u00eda significativamente los costos para los ciudadanos y aliviar\u00eda el gasto de bolsillo en salud. Adem\u00e1s, resalt\u00f3 la necesidad de una reforma en la seguridad social para aumentar la cobertura y eficacia del sistema.<\/p>\n<p>El ministro tambi\u00e9n mencion\u00f3 la necesidad de incrementar las inversiones en agua potable y saneamiento. \u201cLa cobertura y la calidad del servicio de agua potable y saneamiento son insuficientes. Debemos mejorar la infraestructura para garantizar un suministro continuo y de calidad\u201d, afirm\u00f3.<\/p>\n<figure class=\"wp-block-image size-large\"><img fetchpriority=\"high\" class=\"wp-image-15179\" decoding=\"async\" width=\"750\" height=\"536\" src=\"https:\/\/laconsultamedica.com.do\/wp-content\/uploads\/2024\/06\/Pavel-Isa-1-750x536-1.jpeg\" alt=\"\" srcset=\"https:\/\/laconsultamedica.com.do\/wp-content\/uploads\/2024\/06\/Pavel-Isa-1-750x536-1.jpeg 750w, https:\/\/laconsultamedica.com.do\/wp-content\/uploads\/2024\/06\/Pavel-Isa-1-750x536-1-300x214.jpeg 300w, https:\/\/laconsultamedica.com.do\/wp-content\/uploads\/2024\/06\/Pavel-Isa-1-750x536-1-120x86.jpeg 120w, https:\/\/laconsultamedica.com.do\/wp-content\/uploads\/2024\/06\/Pavel-Isa-1-750x536-1-350x250.jpeg 350w\" sizes=\"(max-width: 750px) 100vw, 750px\"><\/figure>\n<p>Sector el\u00e9ctrico y mercado laboral<br \/>\nIsa Contreras se\u00f1al\u00f3 que es crucial abordar las ineficiencias en el sector el\u00e9ctrico. \u201cReducir las p\u00e9rdidas del sector el\u00e9ctrico es fundamental. La alta carga fiscal que implican los subsidios el\u00e9ctricos debe ser manejada con eficiencia para racionalizar el uso de la energ\u00eda y aliviar la carga sobre las finanzas p\u00fablicas\u201d, explic\u00f3.<\/p>\n<p>El ministro destac\u00f3 la importancia de una reforma laboral que no restrinja los derechos de los trabajadores, sino que los expanda. Asimismo, abog\u00f3 por una reforma tributaria equitativa que no sobrecargue a los sectores m\u00e1s vulnerables. \u201cLa reforma debe ser justa y sostenible, elevando la carga sobre quienes m\u00e1s pueden contribuir y menos sobre quienes menos pueden\u201d, expres\u00f3.<\/p>\n<p>Incentivos<br \/>\nAl ser cuestionado sobre los incentivos fiscales a algunos sectores e industrias Isa Contreras mencion\u00f3 la necesidad de revisarlos en funci\u00f3n de su efectividad y beneficios concretos para la econom\u00eda.<\/p>\n<p>\u201cEs fundamental evaluar y balancear los incentivos para asegurar que realmente est\u00e1n promoviendo el desarrollo y no generando beneficios desproporcionados a ciertos sectores\u201d, dijo.<\/p>\n<p>Las declaraciones del ministro P\u00e1vel Isa Contreras fueron dadas en el marco del almuerzo conversatorio organizado por la Uni\u00f3n Nacional de Empresarios (UNE). El ministro finaliz\u00f3 enfatizando que, con reformas estructurales en el \u00e1mbito fiscal, sanitario, el\u00e9ctrico y laboral, el gobierno busca crear un marco sostenible y equitativo que fomente el desarrollo y mejore la calidad de vida de sus ciudadanos. Estas reformas serian clave para enfrentar los retos presentes y asegurar un futuro pr\u00f3spero para el pa\u00eds.<\/p>\n","protected":false},"excerpt":{"rendered":"<p>El ministro&#8230;<\/p>\n","protected":false},"author":1,"featured_media":6756,"comment_status":"closed","ping_status":"closed","sticky":false,"template":"","format":"standard","meta":{"_eb_attr":"","footnotes":""},"categories":[36],"tags":[],"_links":{"self":[{"href":"https:\/\/informedesalud.com.do\/index.php?rest_route=\/wp\/v2\/posts\/6685"}],"collection":[{"href":"https:\/\/informedesalud.com.do\/index.php?rest_route=\/wp\/v2\/posts"}],"about":[{"href":"https:\/\/informedesalud.com.do\/index.php?rest_route=\/wp\/v2\/types\/post"}],"author":[{"embeddable":true,"href":"https:\/\/informedesalud.com.do\/index.php?rest_route=\/wp\/v2\/users\/1"}],"replies":[{"embeddable":true,"href":"https:\/\/informedesalud.com.do\/index.php?rest_route=%2Fwp%2Fv2%2Fcomments&post=6685"}],"version-history":[{"count":1,"href":"https:\/\/informedesalud.com.do\/index.php?rest_route=\/wp\/v2\/posts\/6685\/revisions"}],"predecessor-version":[{"id":6757,"href":"https:\/\/informedesalud.com.do\/index.php?rest_route=\/wp\/v2\/posts\/6685\/revisions\/6757"}],"wp:featuredmedia":[{"embeddable":true,"href":"https:\/\/informedesalud.com.do\/index.php?rest_route=\/wp\/v2\/media\/6756"}],"wp:attachment":[{"href":"https:\/\/informedesalud.com.do\/index.php?rest_route=%2Fwp%2Fv2%2Fmedia&parent=6685"}],"wp:term":[{"taxonomy":"category","embeddable":true,"href":"https:\/\/informedesalud.com.do\/index.php?rest_route=%2Fwp%2Fv2%2Fcategories&post=6685"},{"taxonomy":"post_tag","embeddable":true,"href":"https:\/\/informedesalud.com.do\/index.php?rest_route=%2Fwp%2Fv2%2Ftags&post=6685"}],"curies":[{"name":"wp","href":"https:\/\/api.w.org\/{rel}","templated":true}]}}