{"id":6682,"date":"2024-06-06T08:33:15","date_gmt":"2024-06-06T06:33:15","guid":{"rendered":"https:\/\/laconsultamedica.com.do\/?p=15149"},"modified":"2024-06-10T00:11:23","modified_gmt":"2024-06-09T22:11:23","slug":"coe-presenta-plan-de-contingencia-para-temporada-ciclonica","status":"publish","type":"post","link":"https:\/\/informedesalud.com.do\/?p=6682","title":{"rendered":"COE presenta Plan de Contingencia para temporada cicl\u00f3nica"},"content":{"rendered":"<p>SANTO DOMINGO.- Ante el pron\u00f3stico de que esta temporada cicl\u00f3nica ser\u00e1 muy activa el Centro de Operaciones y Emergencias (COE) present\u00f3 su Plan de Contingencia actualizado y para ser puesto en marcha ante cualquier fen\u00f3meno atmosf\u00e9rico que pudiera afectar al pa\u00eds.<\/p>\n<p>El director del COE, Juan Manuel M\u00e9ndez, mostr\u00f3 el voluminosos plan que de acuerdo a las explicaciones dadas cont\u00f3 con la asesor\u00eda t\u00e9cnica del Comando Sur de los Estados Unidos y otras agencias.<\/p>\n<p>Al pasar el turno al director de operaciones de Edwin Olivares detall\u00f3 que todos los a\u00f1os es revisado y actualizado para trazar la ruta de qu\u00e9 hacer en caso de que toque un evento de esta naturaleza y qu\u00e9 tipo de respuesta se debe dar.<\/p>\n<p>Describi\u00f3 que despu\u00e9s de evaluar las lesiones aprendidas de los \u00faltimos eventos esto los ha conllevado a la integraci\u00f3n de nuevos elementos como tambi\u00e9n el reforzamiento con los sectores p\u00fablicos y privado, y todos los que interact\u00faan con el Centro.<\/p>\n<p>Olivares puntualiz\u00f3 que el Gobierno est\u00e1 fortalecido en su capacidad de respuesta, inclusive, con las adquisiciones de aeronaves con capacidades para responder a eventos de esta naturaleza.<\/p>\n<p>De igual manera, se fortaleci\u00f3 el sistema de comunicaci\u00f3n de \u201calerta temprana COE\u201d y se ha reforzado el env\u00edo de mensajes preventivos a los n\u00fameros telef\u00f3nicos a trav\u00e9s del sistema de alerta con Indotel.<\/p>\n<p>El ministro de Administrativo de la Presidencia, Igor Rodr\u00edguez, reconoci\u00f3 la labor que realiza todo el equipo del COE y reiter\u00f3 que como Gobierno continuar\u00e1n d\u00e1ndoles todo el apoyo para que puedan realizar su labor.<\/p>\n<p>\u201cEl presidente Luis Abinader ha estado muy pendiente de cada evento, de cada uno de los pasos que ejecuta el COE, ha estado dando, a ofrecido y ha dado puntualmente todo el apoyo para que puedan desarrollar la labor. Ha insistido en la comunidad de que estos eventos cada vez ser\u00e1n mucho m\u00e1s frecuentes y esto lo confirma la ingeniera Gloria Ceballos\u201d, dijo Rodr\u00edguez.<\/p>\n<p>La ingeniera Gloria Ceballos, directora de ONAMET, record\u00f3 que la temporada cicl\u00f3nica dura seis meses del primero de junio hasta el noviembre. Y de estos meses los per\u00edodos cr\u00edticos de la temporada cicl\u00f3nica son los meses de agosto, septiembre y hasta mediados de octubre.<\/p>\n<p>Cont\u00f3 que para esta temporada cicl\u00f3nica se van a formar 23 tormentas nombradas. Sin embargo, el Centro Nacional de Huracanes le pone un intervalo entre 17 y 25 igualmente de esas tormentas.<\/p>\n<p>Los nombres de este a\u00f1o son Alberto, Beryl, Chris, Debby, Ernesto, Francine, Gordon, Helene, Isaac, Joyce, Kirk, Leslie, Milton, Nadine, Oscar, Patty, Rafael, Sara, Tony, Valerie y William.<\/p>\n","protected":false},"excerpt":{"rendered":"<p>SANTO DOMINGO.-&#8230;<\/p>\n","protected":false},"author":1,"featured_media":6740,"comment_status":"closed","ping_status":"closed","sticky":false,"template":"","format":"standard","meta":{"_eb_attr":"","footnotes":""},"categories":[36],"tags":[],"_links":{"self":[{"href":"https:\/\/informedesalud.com.do\/index.php?rest_route=\/wp\/v2\/posts\/6682"}],"collection":[{"href":"https:\/\/informedesalud.com.do\/index.php?rest_route=\/wp\/v2\/posts"}],"about":[{"href":"https:\/\/informedesalud.com.do\/index.php?rest_route=\/wp\/v2\/types\/post"}],"author":[{"embeddable":true,"href":"https:\/\/informedesalud.com.do\/index.php?rest_route=\/wp\/v2\/users\/1"}],"replies":[{"embeddable":true,"href":"https:\/\/informedesalud.com.do\/index.php?rest_route=%2Fwp%2Fv2%2Fcomments&post=6682"}],"version-history":[{"count":1,"href":"https:\/\/informedesalud.com.do\/index.php?rest_route=\/wp\/v2\/posts\/6682\/revisions"}],"predecessor-version":[{"id":6741,"href":"https:\/\/informedesalud.com.do\/index.php?rest_route=\/wp\/v2\/posts\/6682\/revisions\/6741"}],"wp:featuredmedia":[{"embeddable":true,"href":"https:\/\/informedesalud.com.do\/index.php?rest_route=\/wp\/v2\/media\/6740"}],"wp:attachment":[{"href":"https:\/\/informedesalud.com.do\/index.php?rest_route=%2Fwp%2Fv2%2Fmedia&parent=6682"}],"wp:term":[{"taxonomy":"category","embeddable":true,"href":"https:\/\/informedesalud.com.do\/index.php?rest_route=%2Fwp%2Fv2%2Fcategories&post=6682"},{"taxonomy":"post_tag","embeddable":true,"href":"https:\/\/informedesalud.com.do\/index.php?rest_route=%2Fwp%2Fv2%2Ftags&post=6682"}],"curies":[{"name":"wp","href":"https:\/\/api.w.org\/{rel}","templated":true}]}}