{"id":6665,"date":"2024-06-04T11:43:41","date_gmt":"2024-06-04T09:43:41","guid":{"rendered":"https:\/\/laconsultamedica.com.do\/?p=15101"},"modified":"2024-06-09T23:55:19","modified_gmt":"2024-06-09T21:55:19","slug":"todo-el-pais-bajo-alerta-por-los-aguaceros-que-se-esperan-por-vaguada","status":"publish","type":"post","link":"https:\/\/informedesalud.com.do\/?p=6665","title":{"rendered":"Todo el pa\u00eds bajo alerta por los aguaceros que se esperan por vaguada"},"content":{"rendered":"<p>La Direcci\u00f3n del Centro de Operaciones de Emergencias (COE) coloc\u00f3 este lunes al pa\u00eds completo en alerta por la incidencia de una vaguada y el acercamiento de una onda tropical.<\/p>\n<p>Catorce de las demarcaciones y la isla Saona se encuentran en amarillo y 18 en verde. En alerta amarilla est\u00e1n: el Distrito Nacional y las provincias Santo Domingo, La Altagracia, San Crist\u00f3bal, Saman\u00e1, Monte Plata, Hato Mayor, El Seibo, Saman\u00e1, Peravia, San Jos\u00e9 de Ocoa, Azua, Barahona y Pedernales.<\/p>\n<p>Mientras que en alerta verde est\u00e1n: Santiago, Espaillat, La Vega, Monse\u00f1or Nouel, Duarte (en especial Bajo Yuna), Hermanas Mirabal, La Romana, Puerto Plata, Mar\u00eda Trinidad S\u00e1nchez, Dajab\u00f3n, S\u00e1nchez Ram\u00edrez, Valverde, Peravia, Montecristi, Santiago Rodr\u00edguez, El\u00edas Pi\u00f1a, San Juan e Independencia.<\/p>\n<p>Estas medidas son tomadas de acuerdo al bolet\u00edn meteorol\u00f3gico de este lunes de la Oficina Nacional de Meteorolog\u00eda (Onamet), el cual establece que permanecen los desarrollos nubosos sobre el pa\u00eds, aportados por la incidencia de una vaguada que se manifiesta en diferentes niveles de la troposfera, y ante el acercamiento de una onda tropical, que se ubica pr\u00f3ximo a la porci\u00f3n oriental del territorio nacional.<\/p>\n<p>De acuerdo al informe, estas condiciones estar\u00e1n provocando aguaceros de moderados a fuertes con tormentas el\u00e9ctricas y r\u00e1fagas de viento desde tempranas horas del martes en localidades de las regiones: noreste y el litoral costero del caribe\u00f1o.<\/p>\n<p>Estas precipitaciones se intensificar\u00e1n en horas de la tarde hacia poblados de las regiones: noroeste, valle del Cibao, cordillera Central y la zona fronteriza.<br \/>\nEn virtud de lo anterior y lo establecido en el art\u00edculo 2 cap\u00edtulo 1, de la ley 147-02, sobre gesti\u00f3n de riesgos, este Centro de Operaciones de Emergencias (COE), Modifica el nivel de alerta verde, por posibles crecidas de r\u00edos, arroyos y ca\u00f1adas, as\u00ed como inundaciones urbanas y repentinas.<\/p>\n<p><strong>Recomendaciones<\/strong><br \/>\nEl COE recomienda a la poblaci\u00f3n a mantenerse en contacto con la Defensa Civil, Fuerzas Armadas, Cruz Roja, la Polic\u00eda Nacional, Cuerpos de Bomberos y la propia entidad a trav\u00e9s del Tel: 809-472-0909, 9.1.1, *462 de la OPTIC.<\/p>\n<p>Asimismo, seguir los lineamientos y orientaciones de los organismos de protecci\u00f3n civil.<\/p>\n<p>Ante la ocurrencia de aguaceros, los residentes en zonas de alto riesgo que habitan pr\u00f3ximo a r\u00edos, arroyos y ca\u00f1adas deben de estar atentos y tomar las medidas de precauci\u00f3n necesarias ante posibles crecidas e inundaciones repentinas.<\/p>\n<p>Tambi\u00e9n deben abstenerse de cruzar r\u00edos, arroyos y ca\u00f1adas que presenten alto vol\u00famenes de agua, no hacer uso de balnearios, en las provincias bajo alerta.<\/p>\n<p>A los conductores de veh\u00edculos deben tomar las medidas preventivas de lugar, debido a la reducci\u00f3n de visibilidad, generada por las lluvias.<\/p>\n","protected":false},"excerpt":{"rendered":"<p>La Direcci\u00f3n&#8230;<\/p>\n","protected":false},"author":1,"featured_media":6720,"comment_status":"closed","ping_status":"closed","sticky":false,"template":"","format":"standard","meta":{"_eb_attr":"","footnotes":""},"categories":[36],"tags":[],"_links":{"self":[{"href":"https:\/\/informedesalud.com.do\/index.php?rest_route=\/wp\/v2\/posts\/6665"}],"collection":[{"href":"https:\/\/informedesalud.com.do\/index.php?rest_route=\/wp\/v2\/posts"}],"about":[{"href":"https:\/\/informedesalud.com.do\/index.php?rest_route=\/wp\/v2\/types\/post"}],"author":[{"embeddable":true,"href":"https:\/\/informedesalud.com.do\/index.php?rest_route=\/wp\/v2\/users\/1"}],"replies":[{"embeddable":true,"href":"https:\/\/informedesalud.com.do\/index.php?rest_route=%2Fwp%2Fv2%2Fcomments&post=6665"}],"version-history":[{"count":1,"href":"https:\/\/informedesalud.com.do\/index.php?rest_route=\/wp\/v2\/posts\/6665\/revisions"}],"predecessor-version":[{"id":6721,"href":"https:\/\/informedesalud.com.do\/index.php?rest_route=\/wp\/v2\/posts\/6665\/revisions\/6721"}],"wp:featuredmedia":[{"embeddable":true,"href":"https:\/\/informedesalud.com.do\/index.php?rest_route=\/wp\/v2\/media\/6720"}],"wp:attachment":[{"href":"https:\/\/informedesalud.com.do\/index.php?rest_route=%2Fwp%2Fv2%2Fmedia&parent=6665"}],"wp:term":[{"taxonomy":"category","embeddable":true,"href":"https:\/\/informedesalud.com.do\/index.php?rest_route=%2Fwp%2Fv2%2Fcategories&post=6665"},{"taxonomy":"post_tag","embeddable":true,"href":"https:\/\/informedesalud.com.do\/index.php?rest_route=%2Fwp%2Fv2%2Ftags&post=6665"}],"curies":[{"name":"wp","href":"https:\/\/api.w.org\/{rel}","templated":true}]}}