{"id":6664,"date":"2024-06-04T11:43:41","date_gmt":"2024-06-04T09:43:41","guid":{"rendered":"https:\/\/laconsultamedica.com.do\/?p=15106"},"modified":"2024-06-09T23:50:55","modified_gmt":"2024-06-09T21:50:55","slug":"presidente-abinader-habla-de-los-resultados-de-su-viaje-a-europa","status":"publish","type":"post","link":"https:\/\/informedesalud.com.do\/?p=6664","title":{"rendered":"Presidente Abinader habla de los resultados de su viaje a Europa"},"content":{"rendered":"<p>Santo Domingo-. El presidente Luis Abinader al participar este lunes en LA Semanal con la Prensa present\u00f3 los resultados de su viaje a Europa, donde visit\u00f3 Italia, el Vaticano y Portugal.<\/p>\n<p>*Visita al Vaticano*<\/p>\n<p>Respecto a la audiencia privada que el mandatario sostuvo con Su Santidad, el papa Francisco, el jefe de Estado explic\u00f3 que recibi\u00f3 su felicitaci\u00f3n por el triunfo en las elecciones presidenciales del pasado 19 de mayo.<\/p>\n<p>De igual forma, indic\u00f3 que conversaron sobre el rol de la iglesia en temas como la educaci\u00f3n, la caridad, la situaci\u00f3n de la regi\u00f3n y sobre temas sociales, al tiempo que el presidente Abinader invit\u00f3 al papa Francisco a visitar el pa\u00eds.<\/p>\n<p>*Reuni\u00f3n con cardenal Pietro Parolin y monse\u00f1or Paul Richard Gallagher*<\/p>\n<p>En torno a la reuni\u00f3n con el cardenal Pietro Parolin, secretario de Estado y monse\u00f1or Paul Richard Gallagher, secretario para las relaciones con los estados y las organizaciones internacionales, abordaron temas bilaterales.<\/p>\n<figure class=\"wp-block-image size-large\"><img fetchpriority=\"high\" class=\"wp-image-15104\" fetchpriority=\"high\" decoding=\"async\" width=\"1024\" height=\"682\" src=\"https:\/\/laconsultamedica.com.do\/wp-content\/uploads\/2024\/06\/img-20240604-wa00015244007814390689761-1024x682.jpg\" alt=\"\" srcset=\"https:\/\/laconsultamedica.com.do\/wp-content\/uploads\/2024\/06\/img-20240604-wa00015244007814390689761-1024x682.jpg 1024w, https:\/\/laconsultamedica.com.do\/wp-content\/uploads\/2024\/06\/img-20240604-wa00015244007814390689761-300x200.jpg 300w, https:\/\/laconsultamedica.com.do\/wp-content\/uploads\/2024\/06\/img-20240604-wa00015244007814390689761-768x512.jpg 768w, https:\/\/laconsultamedica.com.do\/wp-content\/uploads\/2024\/06\/img-20240604-wa00015244007814390689761-750x500.jpg 750w, https:\/\/laconsultamedica.com.do\/wp-content\/uploads\/2024\/06\/img-20240604-wa00015244007814390689761-1140x760.jpg 1140w, https:\/\/laconsultamedica.com.do\/wp-content\/uploads\/2024\/06\/img-20240604-wa00015244007814390689761.jpg 1280w\" sizes=\"(max-width: 1024px) 100vw, 1024px\"><\/figure>\n<p>*Reuni\u00f3n con su hom\u00f3logo de Italia*<\/p>\n<p>El presidente Abinader tambi\u00e9n destac\u00f3 su reuni\u00f3n con su hom\u00f3logo de la rep\u00fablica italiana, Sergio Mattarella, en el Palacio del Quirinal.<\/p>\n<p>Precis\u00f3 que con el mandatario italiano habl\u00f3 sobre fortalecer el turismo y el intercambio comercial con incremento de vuelos directos, al tiempo que invit\u00f3 al presidente Mattarelle a Rep\u00fablica Dominicana en el marco del 170 aniversario de las relaciones bilaterales. <\/p>\n<p>De igual forma, le solicit\u00f3 apoyo para la fuerza multinacional que se desplegar\u00e1 en Hait\u00ed as\u00ed como abrir un canal de cooperaci\u00f3n para adquirir equipamiento militar italiano para reforzar las Fuerzas Armadas dominicanas.<\/p>\n<figure class=\"wp-block-image size-large\"><img class=\"wp-image-15105\" decoding=\"async\" width=\"1024\" height=\"820\" src=\"https:\/\/laconsultamedica.com.do\/wp-content\/uploads\/2024\/06\/img-20240604-wa00026023935529728580480-1024x820.jpg\" alt=\"\" srcset=\"https:\/\/laconsultamedica.com.do\/wp-content\/uploads\/2024\/06\/img-20240604-wa00026023935529728580480-1024x820.jpg 1024w, https:\/\/laconsultamedica.com.do\/wp-content\/uploads\/2024\/06\/img-20240604-wa00026023935529728580480-300x240.jpg 300w, https:\/\/laconsultamedica.com.do\/wp-content\/uploads\/2024\/06\/img-20240604-wa00026023935529728580480-768x615.jpg 768w, https:\/\/laconsultamedica.com.do\/wp-content\/uploads\/2024\/06\/img-20240604-wa00026023935529728580480-750x601.jpg 750w, https:\/\/laconsultamedica.com.do\/wp-content\/uploads\/2024\/06\/img-20240604-wa00026023935529728580480-1140x913.jpg 1140w, https:\/\/laconsultamedica.com.do\/wp-content\/uploads\/2024\/06\/img-20240604-wa00026023935529728580480.jpg 1280w\" sizes=\"(max-width: 1024px) 100vw, 1024px\"><\/figure>\n<p>En el encuentro, tambi\u00e9n solicit\u00f3 respaldo para la eliminaci\u00f3n del visado Schengen y avanzar en un acuerdo de homologaci\u00f3n de la licencia de conducir para los dominicanos. Por \u00faltimo, conversaron sobre la posibilidad de firmar un acuerdo de movilidad profesional para llevar dominicanos a Italia a trabajar en sectores estrat\u00e9gicos.<\/p>\n<p>*Portugal*<\/p>\n<p>Del mismo modo, durante el viaje, el presidente Abinader visit\u00f3 Lisboa, Portugal, donde se reuni\u00f3 con su hom\u00f3logo de ese pa\u00eds, Marcelo Rebelo de Sousa en el Palacio de Belem.<\/p>\n<p>En este encuentro, los mandatarios conversaron sobre la ampliaci\u00f3n de los programas de cooperaci\u00f3n entre ambos pa\u00edses, resaltando \u00e1reas como la transformaci\u00f3n digital, en el programa Simplex, as\u00ed como la modernizaci\u00f3n y transformaci\u00f3n digital de la Administraci\u00f3n p\u00fablica (l\u00edder AMA\/PT). Igualmente, sobre colaborar con la Armada portuguesa.<\/p>\n","protected":false},"excerpt":{"rendered":"<p>Santo Domingo-&#8230;.<\/p>\n","protected":false},"author":1,"featured_media":6712,"comment_status":"closed","ping_status":"closed","sticky":false,"template":"","format":"standard","meta":{"_eb_attr":"","footnotes":""},"categories":[36],"tags":[],"_links":{"self":[{"href":"https:\/\/informedesalud.com.do\/index.php?rest_route=\/wp\/v2\/posts\/6664"}],"collection":[{"href":"https:\/\/informedesalud.com.do\/index.php?rest_route=\/wp\/v2\/posts"}],"about":[{"href":"https:\/\/informedesalud.com.do\/index.php?rest_route=\/wp\/v2\/types\/post"}],"author":[{"embeddable":true,"href":"https:\/\/informedesalud.com.do\/index.php?rest_route=\/wp\/v2\/users\/1"}],"replies":[{"embeddable":true,"href":"https:\/\/informedesalud.com.do\/index.php?rest_route=%2Fwp%2Fv2%2Fcomments&post=6664"}],"version-history":[{"count":1,"href":"https:\/\/informedesalud.com.do\/index.php?rest_route=\/wp\/v2\/posts\/6664\/revisions"}],"predecessor-version":[{"id":6713,"href":"https:\/\/informedesalud.com.do\/index.php?rest_route=\/wp\/v2\/posts\/6664\/revisions\/6713"}],"wp:featuredmedia":[{"embeddable":true,"href":"https:\/\/informedesalud.com.do\/index.php?rest_route=\/wp\/v2\/media\/6712"}],"wp:attachment":[{"href":"https:\/\/informedesalud.com.do\/index.php?rest_route=%2Fwp%2Fv2%2Fmedia&parent=6664"}],"wp:term":[{"taxonomy":"category","embeddable":true,"href":"https:\/\/informedesalud.com.do\/index.php?rest_route=%2Fwp%2Fv2%2Fcategories&post=6664"},{"taxonomy":"post_tag","embeddable":true,"href":"https:\/\/informedesalud.com.do\/index.php?rest_route=%2Fwp%2Fv2%2Ftags&post=6664"}],"curies":[{"name":"wp","href":"https:\/\/api.w.org\/{rel}","templated":true}]}}