{"id":6637,"date":"2024-06-04T03:04:01","date_gmt":"2024-06-04T01:04:01","guid":{"rendered":"https:\/\/laconsultamedica.com.do\/?p=15051"},"modified":"2024-06-04T03:15:06","modified_gmt":"2024-06-04T01:15:06","slug":"la-ansiedad-fue-el-principal-motivo-de-llamadas-por-ayuda","status":"publish","type":"post","link":"https:\/\/informedesalud.com.do\/?p=6637","title":{"rendered":"La ansiedad fue el principal motivo de llamadas por ayuda"},"content":{"rendered":"<p>Por: Doris Pantale\u00f3n<\/p>\n<p>La ansiedad o trastorno de ansiedad, definida como preocupaci\u00f3n y miedo intensos y continuos ante situaciones cotidianas, fue el principal motivo de consulta de las personas que llamaron a la l\u00ednea del Centro de Contacto Cuida tu Salud Mental del Ministerio de Salud P\u00fablica durante los meses de marzo y abril pasados.<\/p>\n<p>A la ansiedad le sigui\u00f3 en mayor frecuencia de consulta, la depresi\u00f3n como segundo motivo de llamada, seguido del duelo y la ideaci\u00f3n o planeaci\u00f3n suicida.<\/p>\n<p>De acuerdo al informe consolidado del servicio, durante esos dos meses se recibieron 1,054 llamadas, siendo entre las diez de la ma\u00f1ana y las dos de la tarde el horario de mayor actividad.<\/p>\n<p>En orden de frecuencia le siguen a esos motivos de consulta la b\u00fasqueda de orientaci\u00f3n sobre servicios de salud mental, las que fueron hechas por pacientes psiqui\u00e1tricos, las que involucran conflictos familiares y violencia de g\u00e9nero.<\/p>\n<p>Baja autoestima, estr\u00e9s laboral, sentimientos de abandono, delirio de persecuci\u00f3n, traumas de infancia y solicitud de ayuda para ambulantes, tambi\u00e9n entraron dentro de los motivos de b\u00fasqueda de ayuda al Contact Center de la Direcci\u00f3n de Salud Mental del Ministerio de Salud durante dicho per\u00edodo.<\/p>\n<p><strong>LA DEPRESI\u00d3N<\/strong><br \/>\nEntre los casos menos frecuentes, pero que se registraron en el sistema como motivo de solicitud de ayuda, figuran los trastornos sexuales y la presi\u00f3n social.<\/p>\n<p>La ansiedad es definida por los especialistas como la preocupaci\u00f3n y miedo intensos, excesivos y continuos ante situaciones cotidianas y puede presentarse con signos de taquicardia, respiraci\u00f3n agitada, sudoraci\u00f3n y sensaci\u00f3n de cansancio.<\/p>\n<p>En tanto la depresi\u00f3n es un trastorno de salud mental que est\u00e1 asociado a cambios de humor de una persona y puede llevar a cambios dr\u00e1sticos en su vida cotidiana y alteraciones en su comportamiento.<\/p>\n","protected":false},"excerpt":{"rendered":"<p>Por: Doris&#8230;<\/p>\n","protected":false},"author":1,"featured_media":6661,"comment_status":"closed","ping_status":"closed","sticky":false,"template":"","format":"standard","meta":{"_eb_attr":"","footnotes":""},"categories":[41],"tags":[],"_links":{"self":[{"href":"https:\/\/informedesalud.com.do\/index.php?rest_route=\/wp\/v2\/posts\/6637"}],"collection":[{"href":"https:\/\/informedesalud.com.do\/index.php?rest_route=\/wp\/v2\/posts"}],"about":[{"href":"https:\/\/informedesalud.com.do\/index.php?rest_route=\/wp\/v2\/types\/post"}],"author":[{"embeddable":true,"href":"https:\/\/informedesalud.com.do\/index.php?rest_route=\/wp\/v2\/users\/1"}],"replies":[{"embeddable":true,"href":"https:\/\/informedesalud.com.do\/index.php?rest_route=%2Fwp%2Fv2%2Fcomments&post=6637"}],"version-history":[{"count":1,"href":"https:\/\/informedesalud.com.do\/index.php?rest_route=\/wp\/v2\/posts\/6637\/revisions"}],"predecessor-version":[{"id":6662,"href":"https:\/\/informedesalud.com.do\/index.php?rest_route=\/wp\/v2\/posts\/6637\/revisions\/6662"}],"wp:featuredmedia":[{"embeddable":true,"href":"https:\/\/informedesalud.com.do\/index.php?rest_route=\/wp\/v2\/media\/6661"}],"wp:attachment":[{"href":"https:\/\/informedesalud.com.do\/index.php?rest_route=%2Fwp%2Fv2%2Fmedia&parent=6637"}],"wp:term":[{"taxonomy":"category","embeddable":true,"href":"https:\/\/informedesalud.com.do\/index.php?rest_route=%2Fwp%2Fv2%2Fcategories&post=6637"},{"taxonomy":"post_tag","embeddable":true,"href":"https:\/\/informedesalud.com.do\/index.php?rest_route=%2Fwp%2Fv2%2Ftags&post=6637"}],"curies":[{"name":"wp","href":"https:\/\/api.w.org\/{rel}","templated":true}]}}