{"id":6636,"date":"2024-06-04T03:04:01","date_gmt":"2024-06-04T01:04:01","guid":{"rendered":"https:\/\/laconsultamedica.com.do\/?p=15054"},"modified":"2024-06-04T03:13:08","modified_gmt":"2024-06-04T01:13:08","slug":"piden-se-retome-proyecto-que-regula-cigarrillos-electronicos","status":"publish","type":"post","link":"https:\/\/informedesalud.com.do\/?p=6636","title":{"rendered":"Piden se retome proyecto que regula cigarrillos electr\u00f3nicos"},"content":{"rendered":"<p>Santo Domingo. La periodista Yris Neida Cuevas pidi\u00f3 a los senadores electos asumir el proyecto de ley que evitar\u00e1 uso de \u201cvapes\u201d en escuelas, tras considerar alarmante la cantidad de ni\u00f1os, adolescentes y j\u00f3venes desde los diez a\u00f1os de edad, que est\u00e1n usando  y abusando de esta modalidad del tabaquismo, que ponen  en riesgo su salud y hasta su vida.<\/p>\n<p>Cuevas confi\u00f3 en que ahora con Omar Fern\u00e1ndez que en su rol de diputado junto a Orlando Jorge Villegas someti\u00f3 dicho proyecto en el 2021, ahora como Senador y contando  con otros  senadores como el doctor Daniel Rivera, se retome  se retome para su posterior aprobaci\u00f3n y que la prohibici\u00f3n  para ni\u00f1os y adolescentes trasciende las escuelas . <\/p>\n<p>\u201cConf\u00edo en que Omar Fern\u00e1ndez, que ya mostr\u00f3 preocupaci\u00f3n por esa problem\u00e1tica al someter el proyecto y el doctor Daniel Rivera quien como ministro de Salud, tambi\u00e9n fue un apoderado del tema, esta pieza legislativa se apruebe porque cada d\u00eda son m\u00e1s los escolares que usan cigarrillos electr\u00f3nicos y es penoso ver como en las propias escuelas fuman sin ning\u00fan control, y no tienen conciencia del da\u00f1o que hacen a su salud\u201d dijo la periodista, editora del peri\u00f3dico digital sobre salud, portadamedica.com.<\/p>\n<p>Dijo que no se explica c\u00f3mo se ha dejado llegar a los extremos de que este segmento de la poblaci\u00f3n fume descontroladamente movidos a veces por simple moda y seducidos por un producto que a la vista parece \u201cinofensivo\u201d, pero que los especialistas han determinado que son tan novios como el tabaco tradicional y que puede resultar mucho m\u00e1s adictivo.<\/p>\n<p>\u201cEl doctor Rivera cuando era ministro de Salud insisti\u00f3 mucho en el impacto en la salud cardiovascular y pulmonar del tabaco y sobre los \u201cvapes\u201d, incluso lo asocio a las causas de accidentes de tr\u00e1nsito, ya que muchos j\u00f3venes van en sus veh\u00edculos cu\u00e1a chimenea, entretenidos con esta modalidad de fumar. Ahora como senador tiene la oportunidad de luchar para que se regule, adem\u00e1s de que contar\u00e1 con otros colegas de la medicina, como senadores\u201d manifest\u00f3 Yris Neida.<\/p>\n<p>Advirti\u00f3, que ese vicio, no solo causa impacto a la salud, sino a las econom\u00edas de las familias, y de los sistemas de salud, ya que el costo del mismo dependiendo si son recargables o no, oscila entre RD$900 y RD$1800 pesos,  la recarga puede ir de 50 a 200 pesos, mientras que uno no recargable da una fumada hasta de 10 mil halones, \u201d si se toma en cuenta que estos jovencitos no trabajan, uno se pregunta, d\u00f3nde consiguen el dinero para comprarlos\u201d<\/p>\n<p>Cuevas record\u00f3 que la Organizaci\u00f3n Mundial de la Salud OMS, ofreci\u00f3 las recomendaciones b\u00e1sicas a los pa\u00edses miembros para que asuman en sus normativas las acciones y estrategias necesarias acorde a la realidad de cada naci\u00f3n, a fin de controlar el uso de estos cigarrillos y del tabaquismo en sentido general.<\/p>\n<p>De acuerdo a la OMS, existen muchos tipos diferentes de cigarrillos electr\u00f3nicos, que son el tipo m\u00e1s com\u00fan de sistemas electr\u00f3nicos de administraci\u00f3n de nicotina (SEAN).\u201cLas emisiones de los cigarrillos electr\u00f3nicos generalmente contienen nicotina y otras sustancias t\u00f3xicas que son nocivas tanto para los usuarios como para los no usuarios expuestos a los aerosoles ajenos\u201d.<\/p>\n<p>La periodista hizo el llamado, a prop\u00f3sito del \u201cDia Mundial sin Tabaco\u201d fecha que busca llamar la atenci\u00f3n sobre los efectos del tabaquismo en la salud.<\/p>\n<p>El proyecto de ley que descansa en la C\u00e1mara de Diputados establece entre otras cosas, \u201cregular el uso y comercializaci\u00f3n de cigarrillos electr\u00f3nicos o vapes en Rep\u00fablica Dominicana,  y evitar la tenencia y uso de estos dispositivos en centros educativos, tanto p\u00fablicos como privados\u201d.<\/p>\n","protected":false},"excerpt":{"rendered":"<p>Santo Domingo&#8230;.<\/p>\n","protected":false},"author":1,"featured_media":6653,"comment_status":"closed","ping_status":"closed","sticky":false,"template":"","format":"standard","meta":{"_eb_attr":"","footnotes":""},"categories":[41],"tags":[],"_links":{"self":[{"href":"https:\/\/informedesalud.com.do\/index.php?rest_route=\/wp\/v2\/posts\/6636"}],"collection":[{"href":"https:\/\/informedesalud.com.do\/index.php?rest_route=\/wp\/v2\/posts"}],"about":[{"href":"https:\/\/informedesalud.com.do\/index.php?rest_route=\/wp\/v2\/types\/post"}],"author":[{"embeddable":true,"href":"https:\/\/informedesalud.com.do\/index.php?rest_route=\/wp\/v2\/users\/1"}],"replies":[{"embeddable":true,"href":"https:\/\/informedesalud.com.do\/index.php?rest_route=%2Fwp%2Fv2%2Fcomments&post=6636"}],"version-history":[{"count":1,"href":"https:\/\/informedesalud.com.do\/index.php?rest_route=\/wp\/v2\/posts\/6636\/revisions"}],"predecessor-version":[{"id":6654,"href":"https:\/\/informedesalud.com.do\/index.php?rest_route=\/wp\/v2\/posts\/6636\/revisions\/6654"}],"wp:featuredmedia":[{"embeddable":true,"href":"https:\/\/informedesalud.com.do\/index.php?rest_route=\/wp\/v2\/media\/6653"}],"wp:attachment":[{"href":"https:\/\/informedesalud.com.do\/index.php?rest_route=%2Fwp%2Fv2%2Fmedia&parent=6636"}],"wp:term":[{"taxonomy":"category","embeddable":true,"href":"https:\/\/informedesalud.com.do\/index.php?rest_route=%2Fwp%2Fv2%2Fcategories&post=6636"},{"taxonomy":"post_tag","embeddable":true,"href":"https:\/\/informedesalud.com.do\/index.php?rest_route=%2Fwp%2Fv2%2Ftags&post=6636"}],"curies":[{"name":"wp","href":"https:\/\/api.w.org\/{rel}","templated":true}]}}