{"id":6635,"date":"2024-06-04T03:04:01","date_gmt":"2024-06-04T01:04:01","guid":{"rendered":"https:\/\/laconsultamedica.com.do\/?p=15059"},"modified":"2024-06-04T03:09:42","modified_gmt":"2024-06-04T01:09:42","slug":"aula-colmado-iniciativa-integral-para-impulsar-crecimiento-empresarial-y-calidad-del-servicio-al-cliente-en-colmaderos","status":"publish","type":"post","link":"https:\/\/informedesalud.com.do\/?p=6635","title":{"rendered":"\u201cAula Colmado\u201d: Iniciativa Integral para Impulsar Crecimiento Empresarial y Calidad del Servicio al Cliente en Colmaderos."},"content":{"rendered":"<p>Santo Domingo. \u2013 En respuesta a las carencias educativas y de apoyo empresarial que enfrentan los colmaderos en Rep\u00fablica Dominicana, surge \u201cAula Colmado\u201d, un innovador programa de acompa\u00f1amiento dise\u00f1ado para abordar de manera integral las necesidades espec\u00edficas de este sector crucial de la econom\u00eda local.<\/p>\n<p>\u201cAula Colmado\u201d, una iniciativa de la Fundaci\u00f3n Dominicana de Desarrollo, apoyada por Induveca como parte de sus actividades de Responsabilidad Social Corporativa, presenta una soluci\u00f3n integral que ofrece capacitaci\u00f3n y asesoramiento especializado a colmaderos en diferentes puntos del pa\u00eds. La primera versi\u00f3n de este programa, a iniciar en el mes de junio, seleccionar\u00e1 a 30 colmados que, durante dos meses, obtendr\u00e1n conocimientos clave en \u00e1reas fundamentales como servicio al cliente, gesti\u00f3n de inventario, finanzas y estrategias de crecimiento empresarial.<\/p>\n<p>Mar\u00eda Virginia Elm\u00fadesi, presidente de la FDD, al expresar su satisfacci\u00f3n por esta iniciativa, coment\u00f3 que \u201cla justificaci\u00f3n para la realizaci\u00f3n del programa \u201cAula Colmado\u201d se basa en la necesidad imperante de brindar apoyo y capacitaci\u00f3n a un sector crucial de la econom\u00eda local. Los colmaderos son un pilar fundamental en las comunidades locales, generando empleo, fomentando el comercio y contribuyendo al desarrollo econ\u00f3mico\u201d.<\/p>\n<p>El programa ser\u00e1 impartido por un experto internacional, que ha dedicado tiempo al estudio y an\u00e1lisis del sector de colmaderos en Rep\u00fablica Dominicana. Cada colmado participante recibir\u00e1 un material did\u00e1ctico exclusivo dise\u00f1ado por este experto para la FDD, que incluir\u00e1 gu\u00edas pr\u00e1cticas y herramientas para implementar las estrategias aprendidas durante el programa.<\/p>\n<p>Entre los temas que se abordar\u00e1n durante los seis encuentros del programa \u201cAula Colmado\u201d se incluyen principios b\u00e1sicos de gesti\u00f3n, finanzas empresariales, servicio al cliente, imagen empresarial y la importancia de la formalizaci\u00f3n de los negocios.<\/p>\n<p>De su lado, el Director Ejecutivo de la FDD, Mariano Frontera, expres\u00f3 que \u201ccon la implementaci\u00f3n de \u201cAula Colmado\u201d se espera que genere impactos positivos tanto a nivel individual como colectivo. Para los participantes, significar\u00e1 la adquisici\u00f3n de habilidades y conocimientos que les permitir\u00e1n mejorar la calidad de su servicio, fidelizar clientes y aumentar sus ingresos. Adem\u00e1s, el programa impulsar\u00e1 el crecimiento econ\u00f3mico de los colmados, contribuyendo as\u00ed al desarrollo de las comunidades en las que operan\u201d.<\/p>\n<figure class=\"wp-block-image size-large\"><img fetchpriority=\"high\" class=\"wp-image-15057\" decoding=\"async\" width=\"1024\" height=\"887\" src=\"https:\/\/laconsultamedica.com.do\/wp-content\/uploads\/2024\/06\/image_editor_output_image156375737-1717401757876278535084825103258-1024x887.jpg\" alt=\"\" srcset=\"https:\/\/laconsultamedica.com.do\/wp-content\/uploads\/2024\/06\/image_editor_output_image156375737-1717401757876278535084825103258-1024x887.jpg 1024w, https:\/\/laconsultamedica.com.do\/wp-content\/uploads\/2024\/06\/image_editor_output_image156375737-1717401757876278535084825103258-300x260.jpg 300w, https:\/\/laconsultamedica.com.do\/wp-content\/uploads\/2024\/06\/image_editor_output_image156375737-1717401757876278535084825103258-768x665.jpg 768w, https:\/\/laconsultamedica.com.do\/wp-content\/uploads\/2024\/06\/image_editor_output_image156375737-1717401757876278535084825103258-750x649.jpg 750w, https:\/\/laconsultamedica.com.do\/wp-content\/uploads\/2024\/06\/image_editor_output_image156375737-1717401757876278535084825103258.jpg 1080w\" sizes=\"(max-width: 1024px) 100vw, 1024px\"><\/figure>\n<p><strong>Sobre la Fundaci\u00f3n Dominicana de Desarrollo (FDD):<\/strong><\/p>\n<p>El impulso para la creaci\u00f3n de la FDD surgi\u00f3 de un grupo visionario de 23 empresarios dominicanos, inspirados y liderados por figuras destacadas como Jos\u00e9 Armenteros Seisdedos y Rafael Esteva. Con un prop\u00f3sito claro y una determinaci\u00f3n inquebrantable, estos pioneros se unieron para ser el motor t\u00e9cnico que catalizar\u00eda el desarrollo del pa\u00eds, estableciendo as\u00ed la primera iniciativa de su tipo en la Rep\u00fablica Dominicana, hace ya 57 a\u00f1os.<\/p>\n<p>Desde su fundaci\u00f3n hasta la fecha, la FDD ha desempe\u00f1ado un papel fundamental en el panorama del desarrollo nacional, realizando numerosos aportes significativos. Con el compromiso de eliminar las barreras que obstaculizan el progreso y la equidad, la FDD ha sido un faro de esperanza y oportunidad para miles de dominicanos.<\/p>\n<p>La Fundaci\u00f3n Dominicana de Desarrollo (FDD) es una organizaci\u00f3n sin fines de lucro, pionera en el otorgamiento de microcr\u00e9ditos en la Rep\u00fablica Dominicana. Desde su fundaci\u00f3n, ha trabajado incansablemente para mejorar la calidad de vida de los dominicanos a trav\u00e9s del apoyo financiero y educativo a emprendedores y microempresarios.<\/p>\n","protected":false},"excerpt":{"rendered":"<p>Santo Domingo&#8230;.<\/p>\n","protected":false},"author":1,"featured_media":6643,"comment_status":"closed","ping_status":"closed","sticky":false,"template":"","format":"standard","meta":{"_eb_attr":"","footnotes":""},"categories":[43],"tags":[],"_links":{"self":[{"href":"https:\/\/informedesalud.com.do\/index.php?rest_route=\/wp\/v2\/posts\/6635"}],"collection":[{"href":"https:\/\/informedesalud.com.do\/index.php?rest_route=\/wp\/v2\/posts"}],"about":[{"href":"https:\/\/informedesalud.com.do\/index.php?rest_route=\/wp\/v2\/types\/post"}],"author":[{"embeddable":true,"href":"https:\/\/informedesalud.com.do\/index.php?rest_route=\/wp\/v2\/users\/1"}],"replies":[{"embeddable":true,"href":"https:\/\/informedesalud.com.do\/index.php?rest_route=%2Fwp%2Fv2%2Fcomments&post=6635"}],"version-history":[{"count":1,"href":"https:\/\/informedesalud.com.do\/index.php?rest_route=\/wp\/v2\/posts\/6635\/revisions"}],"predecessor-version":[{"id":6644,"href":"https:\/\/informedesalud.com.do\/index.php?rest_route=\/wp\/v2\/posts\/6635\/revisions\/6644"}],"wp:featuredmedia":[{"embeddable":true,"href":"https:\/\/informedesalud.com.do\/index.php?rest_route=\/wp\/v2\/media\/6643"}],"wp:attachment":[{"href":"https:\/\/informedesalud.com.do\/index.php?rest_route=%2Fwp%2Fv2%2Fmedia&parent=6635"}],"wp:term":[{"taxonomy":"category","embeddable":true,"href":"https:\/\/informedesalud.com.do\/index.php?rest_route=%2Fwp%2Fv2%2Fcategories&post=6635"},{"taxonomy":"post_tag","embeddable":true,"href":"https:\/\/informedesalud.com.do\/index.php?rest_route=%2Fwp%2Fv2%2Ftags&post=6635"}],"curies":[{"name":"wp","href":"https:\/\/api.w.org\/{rel}","templated":true}]}}