{"id":5970,"date":"2024-04-26T03:33:43","date_gmt":"2024-04-26T01:33:43","guid":{"rendered":"https:\/\/laconsultamedica.com.do\/?p=13582"},"modified":"2024-04-26T03:34:02","modified_gmt":"2024-04-26T01:34:02","slug":"senado-aprueba-proyecto-que-dispone-crear-unidades-de-atencion-mental-en-regiones-y-provincias-de-rd","status":"publish","type":"post","link":"https:\/\/informedesalud.com.do\/?p=5970","title":{"rendered":"Senado Aprueba Proyecto Que Dispone Crear Unidades De Atenci\u00f3n Mental En Regiones Y Provincias De RD"},"content":{"rendered":"<p>SANTO DOMINGO.- El Senado de la Rep\u00fablica aprob\u00f3 este martes en segunda lectura, el proyecto que modifica la Ley 42-01 General de Salud, para que el Estado disponga la creaci\u00f3n de unidades de atenci\u00f3n mental y centros de rehabilitaci\u00f3n psicosocial en las principales provincias del pa\u00eds.<\/p>\n<p>La iniciativa, del senador Franklin Pe\u00f1a por San Pedro de Macor\u00eds, modifica los art\u00edculos 4, 5, 6, 7 y 8 de la Ley 42-01, para establecer la provisi\u00f3n de redes de atenci\u00f3n comunitaria, como viviendas, tutelas, hogares de paso, hospital de d\u00edas y para el seguimiento ambulatorio a trav\u00e9s de los Centros de Salud Mental Comunitarios (CSMC).<\/p>\n<p>Dice la normativa en el p\u00e1rrafo del art\u00edculo 18, la cual pasa a la C\u00e1mara de Diputados para su ponderaci\u00f3n, que \u201ces un deber del Estado propiciar de hospitales de salud mental, centro de rehabilitaci\u00f3n psicosocial en las principales provincias.<\/p>\n<figure class=\"wp-block-image size-large\"><img loading=\"lazy\" class=\"wp-image-13581\" loading=\"lazy\" decoding=\"async\" width=\"1024\" height=\"682\" src=\"https:\/\/laconsultamedica.com.do\/wp-content\/uploads\/2024\/04\/polish_20240424_050945937914246016895824321-1024x682.jpg\" alt=\"\" srcset=\"https:\/\/laconsultamedica.com.do\/wp-content\/uploads\/2024\/04\/polish_20240424_050945937914246016895824321-1024x682.jpg 1024w, https:\/\/laconsultamedica.com.do\/wp-content\/uploads\/2024\/04\/polish_20240424_050945937914246016895824321-300x200.jpg 300w, https:\/\/laconsultamedica.com.do\/wp-content\/uploads\/2024\/04\/polish_20240424_050945937914246016895824321-768x511.jpg 768w, https:\/\/laconsultamedica.com.do\/wp-content\/uploads\/2024\/04\/polish_20240424_050945937914246016895824321-750x499.jpg 750w, https:\/\/laconsultamedica.com.do\/wp-content\/uploads\/2024\/04\/polish_20240424_050945937914246016895824321.jpg 1080w\" sizes=\"(max-width: 1024px) 100vw, 1024px\"><\/figure>\n<p>El art\u00edculo 36 expresa que el tratamiento de las personas con enfermedades o trastornos mentales o con discapacidad ps\u00edquica o intelectual se realizar\u00e1 con apego a los est\u00e1ndares de atenci\u00f3n.<\/p>\n<p>Agrega el numeral 3, que se debe proporcionar a estas personas un tratamiento en base a la mejor evidencia cient\u00edfica disponible y a criterios de costo-efectividad, en relaci\u00f3n al mejoramiento de la salud y bienestar integral de la persona; en tanto, el numeral 6 precisa que \u201cla atenci\u00f3n de salud no podr\u00e1 dar lugar a discriminaci\u00f3n respecto de otras enfermedades, en relaci\u00f3n a cobertura de prestaciones y tasa de aceptaci\u00f3n de licencias m\u00e9dicas.<\/p>\n<p>\u201cEl Estado proveer\u00e1 atenci\u00f3n en salud mental a personas vulnerables, en conflicto o no con la ley, sin distinci\u00f3n de edad, nacionalidad, patrimonio, sexo o religi\u00f3n\u201d, precisa la iniciativa.<\/p>\n<p>Modifican Ley 390-16 de PNEl Pleno aprob\u00f3 en primera lectura el proyecto que modifica el art\u00edculo 113 de la Ley 590-16, Org\u00e1nica de la Polic\u00eda Nacional, para establecer mecanismos de indexaci\u00f3n de las jubilaciones y pensiones que reciben los miembros de la uniformada en condici\u00f3n de retiro.<\/p>\n<p>Explica el proyecto presentado por el senador Virgilio Cedano (La Altagracia), que recibir\u00e1n la indexaci\u00f3n los miembros de la instituci\u00f3n policial que la recibieron antes de la entrada en vigencia de la normativa, que estableci\u00f3 la modalidad de pago de las pensiones por antig\u00fcedad que recib\u00edan las personas en tales condiciones.<\/p>\n<p>Por otro lado, en primera lectura el Pleno de Senadores aprob\u00f3 el proyecto que introduce modificaciones a la Ley 491-06, de Aviaci\u00f3n Civil de la Rep\u00fablica Dominicana, remitida por el Poder Ejecutivo.<\/p>\n<p>En los trabajos legislativos, los senadores sancionaron en primera lectura el proyecto que declara la Mangulina como Patrimonio Cultural Inmaterial de la Naci\u00f3n Dominicana, de la autor\u00eda de los senadores L\u00eda D\u00edaz Santana, Franklin Mart\u00edn Romero y Virgilio Cedano.<\/p>\n<p>En segunda lectura se acogi\u00f3 positivamente el proyecto que crea el Cuerpo Especializado de Mitigaci\u00f3n a Emergencias y Desastres (CEMED). Remitida por el Poder Ejecutivo.<\/p>\n<p>La creaci\u00f3n del Cuerpo Especializado de Mitigaci\u00f3n a Emergencias y Desastres se sustenta en la Ley 139-13, Org\u00e1nica de las Fuerzas Armadas, que confiere al Ministerio de las Fuerzas Armadas, la misi\u00f3n de defender la Constituci\u00f3n y las instituciones de la Rep\u00fablica, adem\u00e1s de promover el desarrollo econ\u00f3mico y social del pa\u00eds, incluyendo la posibilidad de intervenir en la mitigaci\u00f3n de situaciones de desastres y calamidad p\u00fablica.<\/p>\n<p>Otro proyecto de ley aprobado en segunda lectura es el que declara la Banda de M\u00fasica del Municipio de San Crist\u00f3bal como Patrimonio Art\u00edstico de la Naci\u00f3n Dominicana, autor\u00eda del senador Franklin Rodr\u00edguez.<\/p>\n<p>Igualmente, fue aprobado en segunda lectura el proyecto de ley que declara el d\u00eda 22 de julio de cada a\u00f1o \u201cD\u00eda Nacional del Oftalm\u00f3logo Dominicano\u201d, de la senadora Faride Raful.El proyecto tiene por objetivo exaltar a los profesionales de la oftalmolog\u00eda mediante la declaraci\u00f3n de un d\u00eda espec\u00edfico del a\u00f1o, que permita destacar y promover su labor en favor de la naci\u00f3n dominicana.<\/p>\n<p>Otra pieza legislativa aprobada en segunda lectura es el proyecto de ley que declara la provincia Azua como provincia Ecotur\u00edstica, de la autor\u00eda de la senadora L\u00eda Ynocencia D\u00edaz Santana; mientras que fue acogido en primera lectura el proyecto que eleva a la categor\u00eda de municipio el distrito municipal Villa Central, municipio Barahona, provincia Barahona.<\/p>\n<p>Los senadores rindieron honor con un minuto de silencio por el fallecimiento de Franklin Almeyda Rancier, exministro de Interior y Polic\u00eda, escritor y rector de la Universidad Aut\u00f3noma de Santo Domingo. UASD.<\/p>\n<p>En \u00fanica lectura fueron aprobadas las resoluciones que reconocen al se\u00f1or Rogelio Cruz Ferm\u00edn (Padre Rogelio), por sus 42 a\u00f1os de aportes a la sociedad dominicana; y al m\u00fasico y compositor Manuel Alfonzo V\u00e1squez Familia (Pochy Familia), por sus 36 a\u00f1os de valiosos aportes a favor del arte popular y la cultura de la Rep\u00fablica Dominicana.<\/p>\n<p>Ambas iniciativas fueron presentadas por el senador Franklin Romero.<\/p>\n","protected":false},"excerpt":{"rendered":"<p>SANTO DOMINGO.- El Senado de la Rep\u00fablica aprob\u00f3 este martes en segunda lectura, el proyecto que modifica la Ley 42-01 General de Salud, para que el Estado disponga la creaci\u00f3n de unidades de atenci\u00f3n mental y centros de rehabilitaci\u00f3n psicosocial en las principales provincias del pa\u00eds. La iniciativa, del senador Franklin Pe\u00f1a por San Pedro [&hellip;]<\/p>\n","protected":false},"author":1,"featured_media":5994,"comment_status":"closed","ping_status":"closed","sticky":false,"template":"","format":"standard","meta":{"_eb_attr":"","footnotes":""},"categories":[36],"tags":[],"_links":{"self":[{"href":"https:\/\/informedesalud.com.do\/index.php?rest_route=\/wp\/v2\/posts\/5970"}],"collection":[{"href":"https:\/\/informedesalud.com.do\/index.php?rest_route=\/wp\/v2\/posts"}],"about":[{"href":"https:\/\/informedesalud.com.do\/index.php?rest_route=\/wp\/v2\/types\/post"}],"author":[{"embeddable":true,"href":"https:\/\/informedesalud.com.do\/index.php?rest_route=\/wp\/v2\/users\/1"}],"replies":[{"embeddable":true,"href":"https:\/\/informedesalud.com.do\/index.php?rest_route=%2Fwp%2Fv2%2Fcomments&post=5970"}],"version-history":[{"count":1,"href":"https:\/\/informedesalud.com.do\/index.php?rest_route=\/wp\/v2\/posts\/5970\/revisions"}],"predecessor-version":[{"id":5995,"href":"https:\/\/informedesalud.com.do\/index.php?rest_route=\/wp\/v2\/posts\/5970\/revisions\/5995"}],"wp:featuredmedia":[{"embeddable":true,"href":"https:\/\/informedesalud.com.do\/index.php?rest_route=\/wp\/v2\/media\/5994"}],"wp:attachment":[{"href":"https:\/\/informedesalud.com.do\/index.php?rest_route=%2Fwp%2Fv2%2Fmedia&parent=5970"}],"wp:term":[{"taxonomy":"category","embeddable":true,"href":"https:\/\/informedesalud.com.do\/index.php?rest_route=%2Fwp%2Fv2%2Fcategories&post=5970"},{"taxonomy":"post_tag","embeddable":true,"href":"https:\/\/informedesalud.com.do\/index.php?rest_route=%2Fwp%2Fv2%2Ftags&post=5970"}],"curies":[{"name":"wp","href":"https:\/\/api.w.org\/{rel}","templated":true}]}}