{"id":5886,"date":"2024-04-22T11:29:55","date_gmt":"2024-04-22T09:29:55","guid":{"rendered":"https:\/\/laconsultamedica.com.do\/?p=13495"},"modified":"2024-04-22T11:30:25","modified_gmt":"2024-04-22T09:30:25","slug":"hospital-gautier-espera-intervenir-30-paciente-en-ix-jornada-de-reconstruccion-mamaria","status":"publish","type":"post","link":"https:\/\/informedesalud.com.do\/?p=5886","title":{"rendered":"Hospital Gautier espera intervenir 30 paciente en IX Jornada de Reconstrucci\u00f3n Mamaria"},"content":{"rendered":"<p>Santo Domingo._ La Residencia Nacional de Cirug\u00eda Pl\u00e1stica, Reconstructiva y Est\u00e9tica (Renacip) del Hospital Salvador B. Gautier (HSBG) ofreci\u00f3 este viernes los detalles de la \u201cIX Jornada Quir\u00fargica de Reconstrucci\u00f3n Mamaria\u201d, dedicada a la cirujana Gianna Mariel Ramos Ag\u00fcero.<\/p>\n<p>La jornada est\u00e1 programada para los d\u00edas del 13 al 17 mayo en las instalaciones del hospital Gautier, donde est\u00e1n siendo evaluadas pacientes antes operadas, y que por alguna raz\u00f3n necesitan de reconstrucci\u00f3n.<\/p>\n<p>Los m\u00e9dicos esperan intervenir entre 25 y 30 pacientes diagnosticado con c\u00e1ncer de mama, provenientes de todo el pa\u00eds.<\/p>\n<p>El segundo d\u00eda de la jornada habr\u00e1 una serie de conferencias a cargo de expositores nacionales y extranjeros que abordar\u00e1n el tema en cuesti\u00f3n, y las dem\u00e1s fechas ser\u00e1n de quir\u00f3fano en el Gautier.<\/p>\n<p>Esta actividad tiene el apoyo de la direcci\u00f3n del hospital, encabezada por el doctor Armando Holgu\u00edn y bajo la coordinaci\u00f3n del doctor Severo Mercedes, jefe del departamento de Cirug\u00eda Pl\u00e1stica, as\u00ed como Disnalda Matos, coordinadora de la residencia y un staff de m\u00e9dicos del hospital.<\/p>\n<p>Otros organizadores de la jornada est\u00e1n, adem\u00e1s de la Renacip y el HSBG, la Sociedad Dominicana de Cirug\u00eda Pl\u00e1stica, Reconstructiva y Est\u00e9tica (Sodocipre), el Instituto Nacional del C\u00e1ncer Rosa Emilia S\u00e1nchez P\u00e9rez de Tav\u00e1res (INCART) y un grupo de laboratorios.<\/p>\n<p>El doctor Severo Mercedes, jefe de Cirug\u00eda Pl\u00e1stica, expres\u00f3 su preocupaci\u00f3n por el entendido de que cada vez m\u00e1s j\u00f3venes est\u00e1n siendo pronosticado con c\u00e1ncer de mama.<\/p>\n<figure class=\"wp-block-image size-large\"><img loading=\"lazy\" class=\"wp-image-13498\" loading=\"lazy\" decoding=\"async\" width=\"1024\" height=\"682\" src=\"https:\/\/laconsultamedica.com.do\/wp-content\/uploads\/2024\/04\/img-20240420-wa00017568498091196497323-1024x682.jpg\" alt=\"\" srcset=\"https:\/\/laconsultamedica.com.do\/wp-content\/uploads\/2024\/04\/img-20240420-wa00017568498091196497323-1024x682.jpg 1024w, https:\/\/laconsultamedica.com.do\/wp-content\/uploads\/2024\/04\/img-20240420-wa00017568498091196497323-300x200.jpg 300w, https:\/\/laconsultamedica.com.do\/wp-content\/uploads\/2024\/04\/img-20240420-wa00017568498091196497323-768x512.jpg 768w, https:\/\/laconsultamedica.com.do\/wp-content\/uploads\/2024\/04\/img-20240420-wa00017568498091196497323-1536x1023.jpg 1536w, https:\/\/laconsultamedica.com.do\/wp-content\/uploads\/2024\/04\/img-20240420-wa00017568498091196497323-750x500.jpg 750w, https:\/\/laconsultamedica.com.do\/wp-content\/uploads\/2024\/04\/img-20240420-wa00017568498091196497323-1140x760.jpg 1140w, https:\/\/laconsultamedica.com.do\/wp-content\/uploads\/2024\/04\/img-20240420-wa00017568498091196497323.jpg 1600w\" sizes=\"(max-width: 1024px) 100vw, 1024px\"><\/figure>\n<p>Las evaluaciones a las pacientes con miras a la jornada de reconstrucci\u00f3n mamaria, se est\u00e1n realizando en el hospital Gautier martes, mi\u00e9rcoles y viernes desde las 8:00 de la ma\u00f1ana. <\/p>\n<p>El encuentro de las autoridades del Hospital Gautier con los medios de comunicaci\u00f3n tuvo efecto en el sal\u00f3n Pasados Directores de ese centro de salud.<\/p>\n<p>La Renacip fue fundada por el Doctor Ivanhoe B\u00e1ez, el 31 de enero de 1977. Actualmente cuenta con una destacada trayectoria apegados a la humanizaci\u00f3n de los servicios y a la calidad del equipo de m\u00e9dicos, especialistas y residentes.<\/p>\n<p>Su escuela de postgrado ha egresado especialistas en Cirug\u00eda Pl\u00e1stica, Reconstructiva y Est\u00e9tica, cuyo ejercicio se extiende a nivel internacional con presencia en Estados Unidos, Espa\u00f1a y M\u00e9xico.<\/p>\n","protected":false},"excerpt":{"rendered":"<p>Santo Domingo._ La Residencia Nacional de Cirug\u00eda Pl\u00e1stica, Reconstructiva y Est\u00e9tica (Renacip) del Hospital Salvador B. Gautier (HSBG) ofreci\u00f3 este viernes los detalles de la \u201cIX Jornada Quir\u00fargica de Reconstrucci\u00f3n Mamaria\u201d, dedicada a la cirujana Gianna Mariel Ramos Ag\u00fcero. La jornada est\u00e1 programada para los d\u00edas del 13 al 17 mayo en las instalaciones del [&hellip;]<\/p>\n","protected":false},"author":1,"featured_media":5926,"comment_status":"closed","ping_status":"closed","sticky":false,"template":"","format":"standard","meta":{"_eb_attr":"","footnotes":""},"categories":[41],"tags":[],"_links":{"self":[{"href":"https:\/\/informedesalud.com.do\/index.php?rest_route=\/wp\/v2\/posts\/5886"}],"collection":[{"href":"https:\/\/informedesalud.com.do\/index.php?rest_route=\/wp\/v2\/posts"}],"about":[{"href":"https:\/\/informedesalud.com.do\/index.php?rest_route=\/wp\/v2\/types\/post"}],"author":[{"embeddable":true,"href":"https:\/\/informedesalud.com.do\/index.php?rest_route=\/wp\/v2\/users\/1"}],"replies":[{"embeddable":true,"href":"https:\/\/informedesalud.com.do\/index.php?rest_route=%2Fwp%2Fv2%2Fcomments&post=5886"}],"version-history":[{"count":1,"href":"https:\/\/informedesalud.com.do\/index.php?rest_route=\/wp\/v2\/posts\/5886\/revisions"}],"predecessor-version":[{"id":5927,"href":"https:\/\/informedesalud.com.do\/index.php?rest_route=\/wp\/v2\/posts\/5886\/revisions\/5927"}],"wp:featuredmedia":[{"embeddable":true,"href":"https:\/\/informedesalud.com.do\/index.php?rest_route=\/wp\/v2\/media\/5926"}],"wp:attachment":[{"href":"https:\/\/informedesalud.com.do\/index.php?rest_route=%2Fwp%2Fv2%2Fmedia&parent=5886"}],"wp:term":[{"taxonomy":"category","embeddable":true,"href":"https:\/\/informedesalud.com.do\/index.php?rest_route=%2Fwp%2Fv2%2Fcategories&post=5886"},{"taxonomy":"post_tag","embeddable":true,"href":"https:\/\/informedesalud.com.do\/index.php?rest_route=%2Fwp%2Fv2%2Ftags&post=5886"}],"curies":[{"name":"wp","href":"https:\/\/api.w.org\/{rel}","templated":true}]}}