{"id":5885,"date":"2024-04-22T11:30:35","date_gmt":"2024-04-22T09:30:35","guid":{"rendered":"https:\/\/laconsultamedica.com.do\/?p=13507"},"modified":"2024-04-22T11:31:03","modified_gmt":"2024-04-22T09:31:03","slug":"abinader-declara-duelo-oficial-por-fallecimiento-franklin-almeyda","status":"publish","type":"post","link":"https:\/\/informedesalud.com.do\/?p=5885","title":{"rendered":"Abinader declara duelo oficial por fallecimiento Franklin Almeyda"},"content":{"rendered":"<p>SANTO DOMINGO.- El presidente Luis Abinader declar\u00f3 este s\u00e1bado 20 de abril d\u00eda de duelo oficial por el fallecimiento de Francisco Jos\u00e9 (Franklin) Almeyda Rancier.<\/p>\n<p>En el art\u00edculo 2 del decreto n\u00fam. 219-24 indica que en el d\u00eda se\u00f1alado la Bandera Nacional deber\u00e1 ondear a media asta en los recintos militares y edificios p\u00fablicos de todo el pa\u00eds.<\/p>\n<figure class=\"wp-block-image size-large\"><img fetchpriority=\"high\" class=\"wp-image-13505\" decoding=\"async\" width=\"1000\" height=\"600\" src=\"https:\/\/laconsultamedica.com.do\/wp-content\/uploads\/2024\/04\/franklin-almeyda-rancier8401873607539346526.webp\" alt=\"\" srcset=\"https:\/\/laconsultamedica.com.do\/wp-content\/uploads\/2024\/04\/franklin-almeyda-rancier8401873607539346526.webp 1000w, https:\/\/laconsultamedica.com.do\/wp-content\/uploads\/2024\/04\/franklin-almeyda-rancier8401873607539346526-300x180.webp 300w, https:\/\/laconsultamedica.com.do\/wp-content\/uploads\/2024\/04\/franklin-almeyda-rancier8401873607539346526-768x461.webp 768w, https:\/\/laconsultamedica.com.do\/wp-content\/uploads\/2024\/04\/franklin-almeyda-rancier8401873607539346526-750x450.webp 750w\" sizes=\"(max-width: 1000px) 100vw, 1000px\"><\/figure>\n","protected":false},"excerpt":{"rendered":"<p>SANTO DOMINGO.- El presidente Luis Abinader declar\u00f3 este s\u00e1bado 20 de abril d\u00eda de duelo oficial por el fallecimiento de Francisco Jos\u00e9 (Franklin) Almeyda Rancier. En el art\u00edculo 2 del decreto n\u00fam. 219-24 indica que en el d\u00eda se\u00f1alado la Bandera Nacional deber\u00e1 ondear a media asta en los recintos militares y edificios p\u00fablicos de [&hellip;]<\/p>\n","protected":false},"author":1,"featured_media":5929,"comment_status":"closed","ping_status":"closed","sticky":false,"template":"","format":"standard","meta":{"_eb_attr":"","footnotes":""},"categories":[36],"tags":[],"_links":{"self":[{"href":"https:\/\/informedesalud.com.do\/index.php?rest_route=\/wp\/v2\/posts\/5885"}],"collection":[{"href":"https:\/\/informedesalud.com.do\/index.php?rest_route=\/wp\/v2\/posts"}],"about":[{"href":"https:\/\/informedesalud.com.do\/index.php?rest_route=\/wp\/v2\/types\/post"}],"author":[{"embeddable":true,"href":"https:\/\/informedesalud.com.do\/index.php?rest_route=\/wp\/v2\/users\/1"}],"replies":[{"embeddable":true,"href":"https:\/\/informedesalud.com.do\/index.php?rest_route=%2Fwp%2Fv2%2Fcomments&post=5885"}],"version-history":[{"count":1,"href":"https:\/\/informedesalud.com.do\/index.php?rest_route=\/wp\/v2\/posts\/5885\/revisions"}],"predecessor-version":[{"id":5930,"href":"https:\/\/informedesalud.com.do\/index.php?rest_route=\/wp\/v2\/posts\/5885\/revisions\/5930"}],"wp:featuredmedia":[{"embeddable":true,"href":"https:\/\/informedesalud.com.do\/index.php?rest_route=\/wp\/v2\/media\/5929"}],"wp:attachment":[{"href":"https:\/\/informedesalud.com.do\/index.php?rest_route=%2Fwp%2Fv2%2Fmedia&parent=5885"}],"wp:term":[{"taxonomy":"category","embeddable":true,"href":"https:\/\/informedesalud.com.do\/index.php?rest_route=%2Fwp%2Fv2%2Fcategories&post=5885"},{"taxonomy":"post_tag","embeddable":true,"href":"https:\/\/informedesalud.com.do\/index.php?rest_route=%2Fwp%2Fv2%2Ftags&post=5885"}],"curies":[{"name":"wp","href":"https:\/\/api.w.org\/{rel}","templated":true}]}}